{"id":334446,"date":"2024-08-12T13:27:00","date_gmt":"2024-08-12T16:27:00","guid":{"rendered":"https:\/\/www.notibras.com\/site\/?p=334446"},"modified":"2024-08-12T13:27:00","modified_gmt":"2024-08-12T16:27:00","slug":"ceara-investiga-morte-fetal-por-suspeita-de-febre","status":"publish","type":"post","link":"https:\/\/www.notibras.com\/site\/ceara-investiga-morte-fetal-por-suspeita-de-febre\/","title":{"rendered":"Cear\u00e1 investiga morte fetal por suspeita de febre"},"content":{"rendered":"<p>A Secretaria de Sa\u00fade do Cear\u00e1 investiga um \u00f3bito fetal que pode estar associado \u00e0 infec\u00e7\u00e3o por febre do Oropouche. A informa\u00e7\u00e3o foi divulgada nesta segunda-feira (12) pela secret\u00e1ria de Sa\u00fade do estado, T\u00e2nia Coelho, durante o semin\u00e1rio Febre do Oropouche: como enfrentar a arbovirose no Cear\u00e1.<\/p>\n<p>Segundo T\u00e2nia, o \u00f3bito foi registrado no \u00faltimo fim de semana. A gestante tem 40 anos, \u00e9 residente de Baturit\u00e9, mas foi atendida no munic\u00edpio de Capistrano. A secret\u00e1ria lembrou que 60% das doen\u00e7as infecciosas registradas em humanos s\u00e3o causadas por animais, incluindo o mosquito, e destacou a import\u00e2ncia de um plano de a\u00e7\u00e3o.<\/p>\n<p>\u201cEstamos aqui com o Oropouche nos trazendo v\u00e1rias surpresas. O v\u00edrus saiu da Regi\u00e3o Norte, desceu para o Nordeste, com uma apresenta\u00e7\u00e3o at\u00edpica. O v\u00edrus est\u00e1 sofrendo muta\u00e7\u00e3o, consequ\u00eancia de nossa invas\u00e3o no habitat, desmatamento, altera\u00e7\u00f5es que a gente tem causado no ambiente.\u201d<\/p>\n<p>O \u00faltimo boletim epidemiol\u00f3gico divulgado pela secretaria indica que o Cear\u00e1 j\u00e1 registrou, em 2024, 122 casos de febre do Oropouche, sendo que quatro pacientes s\u00e3o gestantes. A maioria dos casos confirmados foram identificados em seis munic\u00edpios da regi\u00e3o do Maci\u00e7o do Baturit\u00e9: Aratuba (32), Pacoti (29), Mulungu (26), Capistrano (12), Reden\u00e7\u00e3o (20) e Palm\u00e1cia (3).<\/p>\n<p>Ainda de acordo com a pasta, grande parte dos casos confirmados no estado reside ou frequenta a zona rural de seus munic\u00edpios. A febre do Oropouche n\u00e3o \u00e9 considerada end\u00eamica no Cear\u00e1.<\/p>\n","protected":false},"excerpt":{"rendered":"<p>A Secretaria de Sa\u00fade do Cear\u00e1 investiga um \u00f3bito fetal que pode estar associado \u00e0 infec\u00e7\u00e3o por febre do Oropouche. A informa\u00e7\u00e3o foi divulgada nesta segunda-feira (12) pela secret\u00e1ria de Sa\u00fade do estado, T\u00e2nia Coelho, durante o semin\u00e1rio Febre do Oropouche: como enfrentar a arbovirose no Cear\u00e1. Segundo T\u00e2nia, o \u00f3bito foi registrado no \u00faltimo [&hellip;]<\/p>\n","protected":false},"author":2,"featured_media":334447,"comment_status":"closed","ping_status":"closed","sticky":false,"template":"","format":"standard","meta":{"_acf_changed":false,"footnotes":""},"categories":[165],"tags":[],"class_list":["post-334446","post","type-post","status-publish","format-standard","has-post-thumbnail","hentry","category-nordeste"],"acf":[],"_links":{"self":[{"href":"https:\/\/www.notibras.com\/site\/wp-json\/wp\/v2\/posts\/334446","targetHints":{"allow":["GET"]}}],"collection":[{"href":"https:\/\/www.notibras.com\/site\/wp-json\/wp\/v2\/posts"}],"about":[{"href":"https:\/\/www.notibras.com\/site\/wp-json\/wp\/v2\/types\/post"}],"author":[{"embeddable":true,"href":"https:\/\/www.notibras.com\/site\/wp-json\/wp\/v2\/users\/2"}],"replies":[{"embeddable":true,"href":"https:\/\/www.notibras.com\/site\/wp-json\/wp\/v2\/comments?post=334446"}],"version-history":[{"count":1,"href":"https:\/\/www.notibras.com\/site\/wp-json\/wp\/v2\/posts\/334446\/revisions"}],"predecessor-version":[{"id":334448,"href":"https:\/\/www.notibras.com\/site\/wp-json\/wp\/v2\/posts\/334446\/revisions\/334448"}],"wp:featuredmedia":[{"embeddable":true,"href":"https:\/\/www.notibras.com\/site\/wp-json\/wp\/v2\/media\/334447"}],"wp:attachment":[{"href":"https:\/\/www.notibras.com\/site\/wp-json\/wp\/v2\/media?parent=334446"}],"wp:term":[{"taxonomy":"category","embeddable":true,"href":"https:\/\/www.notibras.com\/site\/wp-json\/wp\/v2\/categories?post=334446"},{"taxonomy":"post_tag","embeddable":true,"href":"https:\/\/www.notibras.com\/site\/wp-json\/wp\/v2\/tags?post=334446"}],"curies":[{"name":"wp","href":"https:\/\/api.w.org\/{rel}","templated":true}]}}