{"id":334449,"date":"2024-08-12T11:11:55","date_gmt":"2024-08-12T14:11:55","guid":{"rendered":"https:\/\/www.notibras.com\/site\/?p=334449"},"modified":"2024-08-12T14:12:18","modified_gmt":"2024-08-12T17:12:18","slug":"paulo-octavio-defende-fabrica-da-byd-no-df-ou-entorno","status":"publish","type":"post","link":"https:\/\/www.notibras.com\/site\/paulo-octavio-defende-fabrica-da-byd-no-df-ou-entorno\/","title":{"rendered":"Paulo Oct\u00e1vio defende f\u00e1brica da BYD no DF ou Entorno"},"content":{"rendered":"<p>O empres\u00e1rio Paulo Oct\u00e1vio sugeriu ao vice-presidente s\u00eanior da BYD no Brasil, Alexandre Baldy, que a pr\u00f3xima planta fabril da empresa chinesa seja em Bras\u00edlia ou no Entorno do Distrito Federal. O pedido ocorreu na inaugura\u00e7\u00e3o da loja da Bali BYD no SAAN.<\/p>\n<p>\u201cSabemos que a BYD est\u00e1 investindo em Cama\u00e7ari, implantando uma f\u00e1brica naquela localidade baiana. Ent\u00e3o, farei um grande pedido aqui, uma homenagem \u00e0 Anna Christina Kubitschek: que a segunda unidade da BYD seja aqui em Bras\u00edlia, no Polo JK, ou em qualquer lugar do Planalto Central, para gerar empregos na nossa regi\u00e3o\u201d, disse Paulo Oct\u00e1vio, CEO das organiza\u00e7\u00f5es que levam o seu nome e que controlam a rede Bali de concession\u00e1rias.<\/p>\n<p>Ex-deputado federal por Goi\u00e1s e ex-ministro das Cidades, Alexandre Baldy concordou com Paulo Oct\u00e1vio e ressaltou o fato de que o processo produtivo dos ve\u00edculos el\u00e9tricos converge para a realidade de Bras\u00edlia, onde n\u00e3o se pode ter ind\u00fastrias poluentes. Ele destacou ainda os pilares da empresa em seu discurso.<\/p>\n<p>\u201cA BYD \u00e9 uma empresa de tecnologia. Na sua frase-mestra global, o objetivo da empresa \u00e9 reduzir em um grau a temperatura do planeta Terra. Tudo que n\u00f3s fabricamos, tudo que n\u00f3s produzimos tem o comprometimento em n\u00e3o emitir carbono, n\u00e3o emitir poluentes. A capital do Brasil \u00e9 a vitrine para todos. Pessoas de toda parte do mundo a visitam, ent\u00e3o, a capital tem que ter essa refer\u00eancia, esse s\u00edmbolo, esse exemplo. E o pa\u00eds da Amaz\u00f4nia tem que ter na sua capital, que \u00e9 Bras\u00edlia, esse compromisso em proteger o meio ambiente\u201d, lembrou Baldy.<\/p>\n<p>Para Paulo Oct\u00e1vio, o fato da Bali e da BYD terem nascido no mesmo ano, em 1995, \u00e9 um forte sinal de que a parceria tem tudo para dar certo. \u201cNeste mundo globalizado \u00e9 poss\u00edvel ver uma empresa como a BYD ter este sucesso estrondoso. Entrou no Brasil de forma incisiva, apresentando um resultado enorme. A loja Bali BYD \u00e9 modelo, est\u00e1 dentro do novo layout, seguindo o design de vanguarda dos autom\u00f3veis BYD\u201d, ressaltou o empres\u00e1rio.<\/p>\n<p>O superintendente da rede Bali de concession\u00e1rias, Ildeumar Fernandes, ressaltou que a empresa tem uma hist\u00f3ria de sucesso e de aten\u00e7\u00e3o ao cliente, que a levou \u00e0 lideran\u00e7a no mercado. \u201cA parceria da BYD seguir\u00e1 esta mesma trajet\u00f3ria. As tratativas com a empresa foram muito r\u00e1pidas, assim como a obra. Estamos muito entusiasmados\u201d, comemorou.<\/p>\n","protected":false},"excerpt":{"rendered":"<p>O empres\u00e1rio Paulo Oct\u00e1vio sugeriu ao vice-presidente s\u00eanior da BYD no Brasil, Alexandre Baldy, que a pr\u00f3xima planta fabril da empresa chinesa seja em Bras\u00edlia ou no Entorno do Distrito Federal. O pedido ocorreu na inaugura\u00e7\u00e3o da loja da Bali BYD no SAAN. \u201cSabemos que a BYD est\u00e1 investindo em Cama\u00e7ari, implantando uma f\u00e1brica naquela [&hellip;]<\/p>\n","protected":false},"author":2,"featured_media":334450,"comment_status":"closed","ping_status":"closed","sticky":false,"template":"","format":"standard","meta":{"_acf_changed":false,"footnotes":""},"categories":[161],"tags":[],"class_list":["post-334449","post","type-post","status-publish","format-standard","has-post-thumbnail","hentry","category-quadradinho-em-foco"],"acf":[],"_links":{"self":[{"href":"https:\/\/www.notibras.com\/site\/wp-json\/wp\/v2\/posts\/334449","targetHints":{"allow":["GET"]}}],"collection":[{"href":"https:\/\/www.notibras.com\/site\/wp-json\/wp\/v2\/posts"}],"about":[{"href":"https:\/\/www.notibras.com\/site\/wp-json\/wp\/v2\/types\/post"}],"author":[{"embeddable":true,"href":"https:\/\/www.notibras.com\/site\/wp-json\/wp\/v2\/users\/2"}],"replies":[{"embeddable":true,"href":"https:\/\/www.notibras.com\/site\/wp-json\/wp\/v2\/comments?post=334449"}],"version-history":[{"count":1,"href":"https:\/\/www.notibras.com\/site\/wp-json\/wp\/v2\/posts\/334449\/revisions"}],"predecessor-version":[{"id":334451,"href":"https:\/\/www.notibras.com\/site\/wp-json\/wp\/v2\/posts\/334449\/revisions\/334451"}],"wp:featuredmedia":[{"embeddable":true,"href":"https:\/\/www.notibras.com\/site\/wp-json\/wp\/v2\/media\/334450"}],"wp:attachment":[{"href":"https:\/\/www.notibras.com\/site\/wp-json\/wp\/v2\/media?parent=334449"}],"wp:term":[{"taxonomy":"category","embeddable":true,"href":"https:\/\/www.notibras.com\/site\/wp-json\/wp\/v2\/categories?post=334449"},{"taxonomy":"post_tag","embeddable":true,"href":"https:\/\/www.notibras.com\/site\/wp-json\/wp\/v2\/tags?post=334449"}],"curies":[{"name":"wp","href":"https:\/\/api.w.org\/{rel}","templated":true}]}}