{"id":334452,"date":"2024-08-13T06:57:18","date_gmt":"2024-08-13T09:57:18","guid":{"rendered":"https:\/\/www.notibras.com\/site\/?p=334452"},"modified":"2024-08-12T19:58:56","modified_gmt":"2024-08-12T22:58:56","slug":"patio-de-sao-pedro-fica-mais-charmoso-com-o-acaua","status":"publish","type":"post","link":"https:\/\/www.notibras.com\/site\/patio-de-sao-pedro-fica-mais-charmoso-com-o-acaua\/","title":{"rendered":"P\u00e1tio de S\u00e3o Pedro fica mais charmoso com o Acau\u00e3"},"content":{"rendered":"<p>Numa das extremidades do charmoso P\u00e1tio de S\u00e3o Pedro, no cora\u00e7\u00e3o do Recife, est\u00e1 o restaurante Acau\u00e3, uma verdadeira joia gastron\u00f4mica que Rodrigo, um pernambucano apaixonado por sua terra, decidiu manter, recebido dos tios. O P\u00e1tio, conhecido por seu passado hist\u00f3rico e pelas belas constru\u00e7\u00f5es coloniais que o cercam, ganhou uma nova alma com a chegada do Acau\u00e3, que rapidamente se tornou um ponto de encontro para quem busca uma experi\u00eancia aut\u00eantica.<\/p>\n<p>Rodrigo, com um sorriso caloroso e um sotaque que entrega suas ra\u00edzes, sempre sonhou em trazer \u00e0 tona a riqueza culin\u00e1ria do Nordeste, unindo tradi\u00e7\u00e3o e inova\u00e7\u00e3o, seguindo os passos dos tios, de quem herdou a casa. O Acau\u00e3 n\u00e3o \u00e9 apenas um restaurante; \u00e9 uma extens\u00e3o de sua paix\u00e3o e orgulho por tudo que a cultura nordestina tem a oferecer.<\/p>\n<p>O card\u00e1pio, cuidadosamente elaborado, reflete essa ess\u00eancia: pratos como o bai\u00e3o de dois, carne de sol com nata e o famoso escondidinho de macaxeira dividem espa\u00e7o com bebidas t\u00edpicas como a caipirinha de caju e a tradicional cacha\u00e7a artesanal.<\/p>\n<p>O ambiente do restaurante \u00e9 um convite \u00e0 nostalgia. As paredes s\u00e3o decoradas com fotos antigas de feiras nordestinas, e o som do forr\u00f3 p\u00e9 de serra, que sempre toca ao fundo, faz com que qualquer um se sinta em casa. \u00c0s sextas-feiras, o P\u00e1tio ganha vida com apresenta\u00e7\u00f5es de trios de forr\u00f3, que transformam o jantar em uma festa regada com muita dan\u00e7a e alegria. Rodrigo, sempre com as portas do Acau\u00e3 abertas, faz quest\u00e3o de cumprimentar cada cliente, contando um pouco sobre a hist\u00f3ria de cada prato, sobre as influ\u00eancias da culin\u00e1ria ind\u00edgena, africana e portuguesa que cont\u00e9m a diversidade de sabores do Nordeste.<\/p>\n<p><img loading=\"lazy\" decoding=\"async\" class=\"wp-image-334453 aligncenter\" src=\"https:\/\/www.notibras.com\/site\/wp-content\/uploads\/2024\/08\/2087bef5-a0ba-4c8c-bc8c-add3f87e3679-1-300x225.jpeg\" alt=\"\" width=\"511\" height=\"383\" srcset=\"https:\/\/www.notibras.com\/site\/wp-content\/uploads\/2024\/08\/2087bef5-a0ba-4c8c-bc8c-add3f87e3679-1-300x225.jpeg 300w, https:\/\/www.notibras.com\/site\/wp-content\/uploads\/2024\/08\/2087bef5-a0ba-4c8c-bc8c-add3f87e3679-1-1024x768.jpeg 1024w, https:\/\/www.notibras.com\/site\/wp-content\/uploads\/2024\/08\/2087bef5-a0ba-4c8c-bc8c-add3f87e3679-1-768x576.jpeg 768w, https:\/\/www.notibras.com\/site\/wp-content\/uploads\/2024\/08\/2087bef5-a0ba-4c8c-bc8c-add3f87e3679-1.jpeg 1280w\" sizes=\"auto, (max-width: 511px) 100vw, 511px\" \/><\/p>\n<p>No Acau\u00e3, cada refei\u00e7\u00e3o \u00e9 uma viagem pelas paisagens secas do sert\u00e3o, pelas feiras coloridas de Caruaru, pelos engenhos de cana-de-a\u00e7\u00facar do interior de Pernambuco. Rodrigo trouxe n\u00e3o s\u00f3 a culin\u00e1ria, mas a alma do Nordeste para o centro hist\u00f3rico do Recife. Ele transformou o Acau\u00e3 em um espa\u00e7o onde os sabores, cheiros e sons se unem para contar a hist\u00f3ria de um povo que, apesar das adversidades, \u00e9 conhecido por sua resist\u00eancia, alegria e hospitalidade.<\/p>\n<p>Aos poucos, o Acau\u00e3 se tornou um ponto de encontro para artistas, turistas e moradores locais, todos em busca de um pouco do aconchego nordestino. Rodrigo conta que, ao preservar e compartilhar a cultura de sua terra, mant\u00e9m viva a mem\u00f3ria e as tradi\u00e7\u00f5es de gera\u00e7\u00f5es que constru\u00edram a hist\u00f3ria do Nordeste brasileiro. E assim, com cada prato servido, ele celebra sua heran\u00e7a, lembrando a todos que o sabor da saudade pode ser encontrado em cada garfada no Acau\u00e3.<\/p>\n<p>No P\u00e1tio de S\u00e3o Pedro, Rodrigo e o Acau\u00e3 continuam a encantar quem busca uma experi\u00eancia aut\u00eantica, mostrando que o Nordeste \u00e9 muito mais do que uma regi\u00e3o; \u00e9 um sentimento, uma hist\u00f3ria e, acima de tudo, um sabor que n\u00e3o se esquece. Agora, uma dica: a batida (com cacha\u00e7a ou vodka) de maracuj\u00e1 com um picol\u00e9 de lim\u00e3o servido em copo de barro ou vidro queimado em Caruaru, \u00e9 imperd\u00edvel. Principalmente se tiver um prato com sarapatel ao lado.<\/p>\n","protected":false},"excerpt":{"rendered":"<p>Numa das extremidades do charmoso P\u00e1tio de S\u00e3o Pedro, no cora\u00e7\u00e3o do Recife, est\u00e1 o restaurante Acau\u00e3, uma verdadeira joia gastron\u00f4mica que Rodrigo, um pernambucano apaixonado por sua terra, decidiu manter, recebido dos tios. O P\u00e1tio, conhecido por seu passado hist\u00f3rico e pelas belas constru\u00e7\u00f5es coloniais que o cercam, ganhou uma nova alma com a [&hellip;]<\/p>\n","protected":false},"author":2,"featured_media":334454,"comment_status":"closed","ping_status":"closed","sticky":false,"template":"","format":"standard","meta":{"_acf_changed":false,"footnotes":""},"categories":[165],"tags":[],"class_list":["post-334452","post","type-post","status-publish","format-standard","has-post-thumbnail","hentry","category-nordeste"],"acf":[],"_links":{"self":[{"href":"https:\/\/www.notibras.com\/site\/wp-json\/wp\/v2\/posts\/334452","targetHints":{"allow":["GET"]}}],"collection":[{"href":"https:\/\/www.notibras.com\/site\/wp-json\/wp\/v2\/posts"}],"about":[{"href":"https:\/\/www.notibras.com\/site\/wp-json\/wp\/v2\/types\/post"}],"author":[{"embeddable":true,"href":"https:\/\/www.notibras.com\/site\/wp-json\/wp\/v2\/users\/2"}],"replies":[{"embeddable":true,"href":"https:\/\/www.notibras.com\/site\/wp-json\/wp\/v2\/comments?post=334452"}],"version-history":[{"count":1,"href":"https:\/\/www.notibras.com\/site\/wp-json\/wp\/v2\/posts\/334452\/revisions"}],"predecessor-version":[{"id":334455,"href":"https:\/\/www.notibras.com\/site\/wp-json\/wp\/v2\/posts\/334452\/revisions\/334455"}],"wp:featuredmedia":[{"embeddable":true,"href":"https:\/\/www.notibras.com\/site\/wp-json\/wp\/v2\/media\/334454"}],"wp:attachment":[{"href":"https:\/\/www.notibras.com\/site\/wp-json\/wp\/v2\/media?parent=334452"}],"wp:term":[{"taxonomy":"category","embeddable":true,"href":"https:\/\/www.notibras.com\/site\/wp-json\/wp\/v2\/categories?post=334452"},{"taxonomy":"post_tag","embeddable":true,"href":"https:\/\/www.notibras.com\/site\/wp-json\/wp\/v2\/tags?post=334452"}],"curies":[{"name":"wp","href":"https:\/\/api.w.org\/{rel}","templated":true}]}}