{"id":334489,"date":"2024-08-13T00:00:31","date_gmt":"2024-08-13T03:00:31","guid":{"rendered":"https:\/\/www.notibras.com\/site\/?p=334489"},"modified":"2024-08-13T07:35:40","modified_gmt":"2024-08-13T10:35:40","slug":"pre-selecionados-devem-apresentar-documentacao-ate-quarta","status":"publish","type":"post","link":"https:\/\/www.notibras.com\/site\/pre-selecionados-devem-apresentar-documentacao-ate-quarta\/","title":{"rendered":"Pr\u00e9-selecionados devem apresentar documenta\u00e7\u00e3o at\u00e9 quarta"},"content":{"rendered":"<p>Os candidatos pr\u00e9-selecionados na primeira chamada do Programa Universidade para Todos (Prouni) referente ao processo seletivo do segundo semestre de 2024 devem apresentar sua documenta\u00e7\u00e3o \u00e0s institui\u00e7\u00f5es de educa\u00e7\u00e3o superior at\u00e9 quarta-feira (14).<\/p>\n<p>O programa federal oferece bolsas de estudo\u202fintegrais e parciais\u202fem cursos de gradua\u00e7\u00e3o e sequenciais de forma\u00e7\u00e3o espec\u00edfica em institui\u00e7\u00f5es de educa\u00e7\u00e3o superior privadas. A iniciativa tem duas\u202fedi\u00e7\u00f5es por\u202fano.<\/p>\n<p>Em 2024, o MEC ofertou 651.483 bolsas no Prouni, entre integrais (100%) e parciais (50%). Nas duas edi\u00e7\u00f5es do ano, o programa teve 910.419 candidatos inscritos. Como cada participante pode escolher at\u00e9 dois cursos, o Prouni teve mais de 1,8 milh\u00e3o de inscri\u00e7\u00f5es neste ano.<\/p>\n<p>O Minist\u00e9rio da Educa\u00e7\u00e3o (MEC) divulgou o resultado da primeira chamada em 31 de julho, no Portal \u00danico de Acesso ao Ensino Superior.<\/p>\n<p><strong>Comprova\u00e7\u00e3o<\/strong><br \/>\nOs candidatos podem entregar a documenta\u00e7\u00e3o para comprovar as informa\u00e7\u00f5es prestadas no ato de inscri\u00e7\u00e3o presencialmente ou encaminhar por meio virtual\u202f\u00e0s\u202finstitui\u00e7\u00f5es\u202fpara as quais\u202fforam\u202fpr\u00e9-aprovados. A documenta\u00e7\u00e3o ser\u00e1 encaminhada ao coordenador do Prouni dentro da pr\u00f3pria institui\u00e7\u00e3o.<\/p>\n<p>A institui\u00e7\u00e3o dever\u00e1 disponibilizar, em suas p\u00e1ginas na internet, campo espec\u00edfico para o encaminhamento. Ao receber a documenta\u00e7\u00e3o do candidato, as institui\u00e7\u00f5es de educa\u00e7\u00e3o superior privada devem, obrigatoriamente, entregar ao candidato um comprovante da entrega da documenta\u00e7\u00e3o.<\/p>\n<p>Al\u00e9m disso, precisar\u00e3o registrar a aprova\u00e7\u00e3o ou reprova\u00e7\u00e3o dos participantes no Sistema Informatizado do Prouni (Sisprouni) e emitir os termos de concess\u00e3o de bolsa ou termos de reprova\u00e7\u00e3o at\u00e9 sexta-feira (16).<\/p>\n<p>Os estudantes\u202fno\u202fprograma federal devem ficar atentos\u202fquanto \u00e0 exist\u00eancia de eventuais exig\u00eancias adicionais por\u202fparte das institui\u00e7\u00f5es de ensino, como submeter os pr\u00e9-selecionados a um processo seletivo pr\u00f3prio, que pode ser diferente do vestibular. Nestes casos, n\u00e3o poder\u00e1 ser cobrada qualquer taxa do candidato.<\/p>\n<p>O MEC informa que \u00e9 de inteira responsabilidade do candidato verificar, na institui\u00e7\u00e3o, os hor\u00e1rios e o local de comparecimento para a aferi\u00e7\u00e3o das informa\u00e7\u00f5es. A perda do prazo ou a n\u00e3o comprova\u00e7\u00e3o das informa\u00e7\u00f5es implicar\u00e1, automaticamente, na reprova\u00e7\u00e3o do candidato.<\/p>\n<p>As regras est\u00e3o dispon\u00edveis nos editais do Prouni de 2024.<\/p>\n<p><strong>Cronograma<\/strong><br \/>\nAp\u00f3s o per\u00edodo de comprova\u00e7\u00e3o das informa\u00e7\u00f5es, ser\u00e1 divulgada em 20 de agosto a lista\u202fdos\u202fcandidatos\u202fpr\u00e9-selecionados para segunda chamada do segundo Prouni de 2024. O acesso \u00e0 lista, tamb\u00e9m est\u00e1 no Portal\u202f\u00danico de\u202fAcesso ao Ensino Superior. E a apresenta\u00e7\u00e3o dos documentos pelos estudantes dever\u00e1 ser feita at\u00e9 30 de agosto.<\/p>\n<p>Os estudantes que n\u00e3o foram pr\u00e9-selecionados nas duas chamadas anteriores podem participar da lista de espera. Os interessados dever\u00e3o manifestar seu interesse por meio da p\u00e1gina do Prouni, entre 9 e 10 de setembro de 2024.<\/p>\n<p>A lista de espera estar\u00e1 dispon\u00edvel no dia 13 de setembro, no Sistema do Prouni (Sisprouni), para consulta pelas institui\u00e7\u00f5es de educa\u00e7\u00e3o superior e pelos candidatos.<\/p>\n<p><strong>Prouni<\/strong><br \/>\nCriado em 2004, o\u202fProuni\u202fcusteia bolsas de estudo (integrais e parciais) em cursos de gradua\u00e7\u00e3o e sequenciais de forma\u00e7\u00e3o espec\u00edfica em institui\u00e7\u00f5es de educa\u00e7\u00e3o superior privadas.<\/p>\n<p>Para bolsas integrais, a renda familiar bruta mensal per capita do candidato inscrito n\u00e3o pode exceder o valor de um sal\u00e1rio-m\u00ednimo e meio (R$ 2.118 por pessoa). No caso de bolsas parciais, a renda familiar bruta mensal por pessoa n\u00e3o pode ultrapassar o valor de tr\u00eas sal\u00e1rios m\u00ednimos (R$ 4.236 por pessoa, em 2024).<\/p>\n<p>O MEC aponta que o p\u00fablico-alvo a ser beneficiado \u00e9 o estudante sem diploma de n\u00edvel superior.<\/p>\n<p>Para esclarecimento de d\u00favidas, o MEC disponibiliza o telefone 0800-616161.<\/p>\n","protected":false},"excerpt":{"rendered":"<p>Os candidatos pr\u00e9-selecionados na primeira chamada do Programa Universidade para Todos (Prouni) referente ao processo seletivo do segundo semestre de 2024 devem apresentar sua documenta\u00e7\u00e3o \u00e0s institui\u00e7\u00f5es de educa\u00e7\u00e3o superior at\u00e9 quarta-feira (14). O programa federal oferece bolsas de estudo\u202fintegrais e parciais\u202fem cursos de gradua\u00e7\u00e3o e sequenciais de forma\u00e7\u00e3o espec\u00edfica em institui\u00e7\u00f5es de educa\u00e7\u00e3o superior [&hellip;]<\/p>\n","protected":false},"author":2,"featured_media":334490,"comment_status":"closed","ping_status":"closed","sticky":false,"template":"","format":"standard","meta":{"_acf_changed":false,"footnotes":""},"categories":[165],"tags":[],"class_list":["post-334489","post","type-post","status-publish","format-standard","has-post-thumbnail","hentry","category-nordeste"],"acf":[],"_links":{"self":[{"href":"https:\/\/www.notibras.com\/site\/wp-json\/wp\/v2\/posts\/334489","targetHints":{"allow":["GET"]}}],"collection":[{"href":"https:\/\/www.notibras.com\/site\/wp-json\/wp\/v2\/posts"}],"about":[{"href":"https:\/\/www.notibras.com\/site\/wp-json\/wp\/v2\/types\/post"}],"author":[{"embeddable":true,"href":"https:\/\/www.notibras.com\/site\/wp-json\/wp\/v2\/users\/2"}],"replies":[{"embeddable":true,"href":"https:\/\/www.notibras.com\/site\/wp-json\/wp\/v2\/comments?post=334489"}],"version-history":[{"count":1,"href":"https:\/\/www.notibras.com\/site\/wp-json\/wp\/v2\/posts\/334489\/revisions"}],"predecessor-version":[{"id":334491,"href":"https:\/\/www.notibras.com\/site\/wp-json\/wp\/v2\/posts\/334489\/revisions\/334491"}],"wp:featuredmedia":[{"embeddable":true,"href":"https:\/\/www.notibras.com\/site\/wp-json\/wp\/v2\/media\/334490"}],"wp:attachment":[{"href":"https:\/\/www.notibras.com\/site\/wp-json\/wp\/v2\/media?parent=334489"}],"wp:term":[{"taxonomy":"category","embeddable":true,"href":"https:\/\/www.notibras.com\/site\/wp-json\/wp\/v2\/categories?post=334489"},{"taxonomy":"post_tag","embeddable":true,"href":"https:\/\/www.notibras.com\/site\/wp-json\/wp\/v2\/tags?post=334489"}],"curies":[{"name":"wp","href":"https:\/\/api.w.org\/{rel}","templated":true}]}}