{"id":334496,"date":"2024-08-13T00:09:28","date_gmt":"2024-08-13T03:09:28","guid":{"rendered":"https:\/\/www.notibras.com\/site\/?p=334496"},"modified":"2024-08-13T08:11:31","modified_gmt":"2024-08-13T11:11:31","slug":"governo-fecha-acordo-salarial-com-servidores-ambientais","status":"publish","type":"post","link":"https:\/\/www.notibras.com\/site\/governo-fecha-acordo-salarial-com-servidores-ambientais\/","title":{"rendered":"Governo fecha acordo salarial com servidores ambientais"},"content":{"rendered":"<p>O governo federal anunciou a assinatura de um acordo de reajustes salariais e mudan\u00e7as nas carreiras de servidores do Minist\u00e9rio do Meio Ambiente (MMA), do Instituto Brasileiro do Meio Ambiente e dos Recursos Naturais Renov\u00e1veis (Ibama) e do Instituto Chico Mendes de Conserva\u00e7\u00e3o da Biodiversidade (ICMBio).<\/p>\n<p>O acordo foi feito no \u00e2mbito das mesas de negocia\u00e7\u00e3o espec\u00edfica conduzidas pelo Minist\u00e9rio da Gest\u00e3o e da Inova\u00e7\u00e3o em Servi\u00e7os P\u00fablicos (MGI) e abrange os cargos da Carreira de Especialista em Meio Ambiente, Plano Especial de Cargos do MMA e do Ibama (PECMA) e dos Quadros de Pessoal do MMA, Ibama e ICMBio. Este foi o 30\u00ba acordo assinado entre o governo federal e categorias de servidores p\u00fablicos de diferentes \u00e1reas desde o ano passado.<\/p>\n<p>Pela reestrutura\u00e7\u00e3o acordada, segundo o informe do MGI, os cargos de n\u00edvel superior da carreira de especialista em meio ambiente ter\u00e3o amplia\u00e7\u00e3o da tabela remunerat\u00f3ria, passando de 13 para 20 padr\u00f5es, com dois padr\u00f5es no final da tabela e cinco na classe inicial.<\/p>\n<p>Haver\u00e1 ainda o reposicionamento do servidor dois padr\u00f5es acima do atualmente ocupado, a partir de janeiro de 2025, al\u00e9m da valoriza\u00e7\u00e3o do vencimento b\u00e1sico na remunera\u00e7\u00e3o e incremento da Gratifica\u00e7\u00e3o de Qualifica\u00e7\u00e3o (GQ), informou a pasta.<\/p>\n<p>J\u00e1 os cargos de n\u00edvel intermedi\u00e1rio da carreira de Especialista em Meio Ambiente ter\u00e3o amplia\u00e7\u00e3o da tabela remunerat\u00f3ria, passando de 15 para 20 padr\u00f5es, com dois padr\u00f5es no final da tabela e tr\u00eas na classe inicial, tamb\u00e9m com reposicionamento do servidor dois padr\u00f5es acima do atualmente ocupado, a partir de janeiro de 2025, al\u00e9m da valoriza\u00e7\u00e3o do vencimento b\u00e1sico e incremento na Gratifica\u00e7\u00e3o de Qualifica\u00e7\u00e3o (GQ).<\/p>\n<p>O acordo assinado hoje prev\u00ea, ainda, a cria\u00e7\u00e3o de um grupo de trabalho, com participa\u00e7\u00e3o do MGI e do MMA, para avaliar o enquadramento das carreiras nos requisitos legais para o recebimento da indeniza\u00e7\u00e3o dos servidores que atuam em \u00e1reas de fronteira, al\u00e9m da possibilidade de cria\u00e7\u00e3o de um adicional salarial por atua\u00e7\u00e3o em \u00e1reas de risco.<\/p>\n<p><strong>Diverg\u00eancia<\/strong><br \/>\nEm nota, a Associa\u00e7\u00e3o Nacional dos Servidores da Carreira de Especialista em Meio Ambiente (Ascema) confirmou o acordo, que deve por fim \u00e0 greve iniciada no m\u00eas passado, mas que j\u00e1 estava parcialmente suspensa ap\u00f3s decis\u00e3o do Superior Tribunal de Justi\u00e7a (STJ). Para a entidade, no entanto, o acordo n\u00e3o representa a vontade dos servidores, que ressaltaram &#8220;decep\u00e7\u00e3o&#8221; com o governo.<\/p>\n<p>&#8220;Sobre a intransig\u00eancia demonstrada ao longo das negocia\u00e7\u00f5es, os servidores chegaram a expressar, em documento enviado ao MGI, insatisfa\u00e7\u00e3o com o tratamento recebido, criticando o processo como um todo e a falta de di\u00e1logo do governo. A mesa ambiental foi uma das primeiras instaladas em 2023, ou seja, foram 11 meses, j\u00e1 que foi o 34\u00ba acordo firmado&#8221;, informou a associa\u00e7\u00e3o.<\/p>\n<p>&#8220;O acordo foi feito a contragosto dos servidores, n\u00e3o se trata de reestrutura\u00e7\u00e3o da carreira e do PECMA, mas sim de reajuste, em que os servidores se viram na obriga\u00e7\u00e3o de aceitar a proposta para n\u00e3o ter preju\u00edzo ainda maior. A greve deve acabar, mas a mobiliza\u00e7\u00e3o continuar\u00e1, temos COP30 em 2025 e muita luta pela frente, com um calend\u00e1rio de a\u00e7\u00f5es a ser elaborado nos pr\u00f3ximos dias.&#8221;<\/p>\n<p>Sobre a compensa\u00e7\u00e3o e reposi\u00e7\u00e3o salarial dos dias parados durante a greve, o MGI informou que homologar\u00e1 o que for acordado entre os servidores, o MMA e suas autarquias e empresas vinculadas, como Ibama, ICMBio e Servi\u00e7o Florestal.<\/p>\n<p>At\u00e9 o fim da semana, um novo acordo sobre esses pontos dever\u00e1 ser efetivado, com a devolu\u00e7\u00e3o dos sal\u00e1rios cortados durante o per\u00edodo de paralisa\u00e7\u00e3o.<\/p>\n<p>A Ascema Nacional informou ainda que convocar\u00e1, em car\u00e1ter de urg\u00eancia, o conselho de entidades para deliberar sobre a sa\u00edda nacional da greve e definir os pr\u00f3ximos passos do movimento dos servidores.<\/p>\n","protected":false},"excerpt":{"rendered":"<p>O governo federal anunciou a assinatura de um acordo de reajustes salariais e mudan\u00e7as nas carreiras de servidores do Minist\u00e9rio do Meio Ambiente (MMA), do Instituto Brasileiro do Meio Ambiente e dos Recursos Naturais Renov\u00e1veis (Ibama) e do Instituto Chico Mendes de Conserva\u00e7\u00e3o da Biodiversidade (ICMBio). O acordo foi feito no \u00e2mbito das mesas de [&hellip;]<\/p>\n","protected":false},"author":2,"featured_media":298345,"comment_status":"closed","ping_status":"closed","sticky":false,"template":"","format":"standard","meta":{"_acf_changed":false,"footnotes":""},"categories":[161],"tags":[],"class_list":["post-334496","post","type-post","status-publish","format-standard","has-post-thumbnail","hentry","category-quadradinho-em-foco"],"acf":[],"_links":{"self":[{"href":"https:\/\/www.notibras.com\/site\/wp-json\/wp\/v2\/posts\/334496","targetHints":{"allow":["GET"]}}],"collection":[{"href":"https:\/\/www.notibras.com\/site\/wp-json\/wp\/v2\/posts"}],"about":[{"href":"https:\/\/www.notibras.com\/site\/wp-json\/wp\/v2\/types\/post"}],"author":[{"embeddable":true,"href":"https:\/\/www.notibras.com\/site\/wp-json\/wp\/v2\/users\/2"}],"replies":[{"embeddable":true,"href":"https:\/\/www.notibras.com\/site\/wp-json\/wp\/v2\/comments?post=334496"}],"version-history":[{"count":1,"href":"https:\/\/www.notibras.com\/site\/wp-json\/wp\/v2\/posts\/334496\/revisions"}],"predecessor-version":[{"id":334497,"href":"https:\/\/www.notibras.com\/site\/wp-json\/wp\/v2\/posts\/334496\/revisions\/334497"}],"wp:featuredmedia":[{"embeddable":true,"href":"https:\/\/www.notibras.com\/site\/wp-json\/wp\/v2\/media\/298345"}],"wp:attachment":[{"href":"https:\/\/www.notibras.com\/site\/wp-json\/wp\/v2\/media?parent=334496"}],"wp:term":[{"taxonomy":"category","embeddable":true,"href":"https:\/\/www.notibras.com\/site\/wp-json\/wp\/v2\/categories?post=334496"},{"taxonomy":"post_tag","embeddable":true,"href":"https:\/\/www.notibras.com\/site\/wp-json\/wp\/v2\/tags?post=334496"}],"curies":[{"name":"wp","href":"https:\/\/api.w.org\/{rel}","templated":true}]}}