{"id":334544,"date":"2024-08-14T08:34:55","date_gmt":"2024-08-14T11:34:55","guid":{"rendered":"https:\/\/www.notibras.com\/site\/?p=334544"},"modified":"2024-08-14T08:35:11","modified_gmt":"2024-08-14T11:35:11","slug":"elisa-filha-pinoquio-e-desmascarada-por-julia","status":"publish","type":"post","link":"https:\/\/www.notibras.com\/site\/elisa-filha-pinoquio-e-desmascarada-por-julia\/","title":{"rendered":"Elisa, filha Pin\u00f3quio, \u00e9 desmascarada por J\u00falia"},"content":{"rendered":"<p>A pequena J\u00falia, apesar da pouca idade, era a crian\u00e7a mais s\u00e9ria do bairro e, se falasse alguma coisa, quase sempre os pais acreditavam. A fam\u00edlia morava numa antiga rua em Recife, onde todos se conheciam naqueles idos pouco antes do golpe de 1964. Por ali, tamb\u00e9m morava Elisa, filha da dona Eul\u00e1lia e do senhor Jonas, homem austero e que exalava odor distinto por conta de col\u00f4nias importadas.<\/p>\n<p>Naquele tempo, os moradores da rua inteira se conheciam, mesmo aqueles que preferiam levar uma vida mais secreta. A fofoca, por assim dizer, corria solta, mas a maldade n\u00e3o passava de meros casos extraconjugais, certamente influenciados pelo cinema franc\u00eas. Uma pouca vergonha, diziam.<\/p>\n<p>Um costume que se fazia presente naquele lugar era o da esposa tomar conta de todos os afazeres dom\u00e9sticos, enquanto o marido cumpria o papel que lhe era devido, o de provedor do lar, doce lar. E n\u00e3o era diferente na casa do cheiroso da regi\u00e3o. Tanto \u00e9 que dona Eul\u00e1lia, bem treinada que fora pela m\u00e3e, sabia at\u00e9 lustrar os objetos de alum\u00ednio que eram cuidadosamente depositados sobre as t\u00e1buas da prateleira cobertas por mimosos forros brancos, caprichosamente bordados por ela ou, ent\u00e3o, herdados da matriarca ou da sogra.<\/p>\n<p>Aos s\u00e1bados, as ruas reluziam o brilho desses mimos, que secavam ao sol em um jirau perto da porta da cozinha. Esse costume, ali\u00e1s, era encarado como uma amostra de quem era mais endinheirado, levando-se em conta n\u00e3o somente a quantidade, mas principalmente a raridade dos objetos. Por conta disso, dona Eul\u00e1lia fazia quest\u00e3o de colocar um lindo e ornado jarro em posi\u00e7\u00e3o de destaque, o que chamava a aten\u00e7\u00e3o e provocava olhares invejosos nas outras mulheres, enquanto os homens folheavam as enormes e barulhentas folhas dos peri\u00f3dicos.<\/p>\n<p>Pois aconteceu justamente num s\u00e1bado, quando Elisa, com a tristeza estampada no seu rosto de menina, foi bater \u00e0 porta das casas da vizinhan\u00e7a. E quem a recebia j\u00e1 era informado sobre o tr\u00e1gico ocorrido.<\/p>\n<p>\u2014 Mam\u00e3e morreu.<\/p>\n<p>Todos procuravam consolar a garotinha, que continuava sua sina de informar a todos sobre o inesperado falecimento da sua m\u00e3e. Pobre menina, que, depois de completar boa parte das resid\u00eancias, parou diante da casa da J\u00falia. Esta estava de sa\u00edda com a genitora, que recebeu a not\u00edcia incr\u00e9dula, mas cheio de pesar.<\/p>\n<p>\u2014 Meus sentimentos, Elisa. Vou j\u00e1, j\u00e1 na sua casa.<\/p>\n<p>Assim que a garota se despediu, J\u00falia esperou que a coleguinha se afastasse o suficiente para n\u00e3o escutar o que precisava dizer.<\/p>\n<p>\u2014 Mam\u00e3e, a Elisa est\u00e1 mentindo.<\/p>\n<p>\u2014 J\u00falia, minha filha, respeite a dor da sua amiga.<\/p>\n<p>\u2014 Mas ela \u00e9 mentirosa, mam\u00e3e.<\/p>\n<p>\u2014 Que bobagem! Olha aquele povo todo em frente \u00e0 casa da finada Eul\u00e1lia.<\/p>\n<p>Comovida pela not\u00edcia da partida da vizinha, l\u00e1 foi a mulher e a filha prestar condol\u00eancias para o Jonas. Mal juntou-se \u00e0 pequena plateia em frente \u00e0 casa do vi\u00favo, eis que este saiu. Estava procurando pela filha, que havia sa\u00eddo sem pedir permiss\u00e3o. O homem estranhou aquela gente toda.<\/p>\n<p>\u2014 O que houve? N\u00e3o v\u00e3o me dizer que aconteceu alguma coisa com a minha Elisa?<\/p>\n<p>Aurora, uma das moradoras mais antigas, foi a primeira a prestar condol\u00eancias para o sujeito, que, a princ\u00edpio, n\u00e3o entendeu.<\/p>\n<p>\u2014 Minha senhora, a minha mulher est\u00e1 viv\u00edssima da silva!<\/p>\n<p>E n\u00e3o \u00e9 que dona Eul\u00e1lia apareceu, para surpresa da multid\u00e3o. De avental molhado porque estava areando os alum\u00ednios, ficou furiosa com a filha. Por pouco a Elisa n\u00e3o tomou uma surra, mas ficou uma semana inteirinha de castigo. Quanto \u00e0quela gente toda, a quase defunta n\u00e3o teve alternativa melhor a n\u00e3o ser oferecer ch\u00e1 e torradas.<\/p>\n<p><strong>*Eduardo Mart\u00ednez \u00e9 autor do livro \u201c57 Contos e Cr\u00f4nicas por um Autor muito Velho\u201d.<\/strong><\/p>\n<p>Compre aqui\u00a0<span class=\"x19la9d6 x1fc57z9 x6ikm8r x10wlt62 x19co3pv x1g5zs5t xfibh0p xiy17q3 x1xsqp64 x1lkfr7t xexx8yu x4uap5 x18d9i69 xkhd6sd\"><span class=\"xrtxmta x1bhl96m\"><img decoding=\"async\" class=\"emoji\" role=\"img\" draggable=\"false\" src=\"https:\/\/s.w.org\/images\/core\/emoji\/14.0.0\/svg\/1f447-1f3ff.svg\" alt=\"&#x1f447;&#x1f3ff;\" \/><\/span><\/span><span class=\"x19la9d6 x1fc57z9 x6ikm8r x10wlt62 x19co3pv x1g5zs5t xfibh0p xiy17q3 x1xsqp64 x1lkfr7t xexx8yu x4uap5 x18d9i69 xkhd6sd\"><span class=\"xrtxmta x1bhl96m\"><img decoding=\"async\" class=\"emoji\" role=\"img\" draggable=\"false\" src=\"https:\/\/s.w.org\/images\/core\/emoji\/14.0.0\/svg\/1f447-1f3ff.svg\" alt=\"&#x1f447;&#x1f3ff;\" \/><\/span><\/span><span class=\"x19la9d6 x1fc57z9 x6ikm8r x10wlt62 x19co3pv x1g5zs5t xfibh0p xiy17q3 x1xsqp64 x1lkfr7t xexx8yu x4uap5 x18d9i69 xkhd6sd\"><span class=\"xrtxmta x1bhl96m\"><img decoding=\"async\" class=\"emoji\" role=\"img\" draggable=\"false\" src=\"https:\/\/s.w.org\/images\/core\/emoji\/14.0.0\/svg\/1f447-1f3ff.svg\" alt=\"&#x1f447;&#x1f3ff;\" \/><\/span><\/span><\/p>\n<p><a href=\"http:\/\/www.joanineditora.com.br\/57-contos-e-cronicas-por-um-autor-muito-velho\">http:\/\/www.joanineditora.com.br\/57-contos-e-cronicas-por-um-autor-muito-velho<\/a><\/p>\n<div id=\"wpdevar_comment_4\"><\/div>\n","protected":false},"excerpt":{"rendered":"<p>A pequena J\u00falia, apesar da pouca idade, era a crian\u00e7a mais s\u00e9ria do bairro e, se falasse alguma coisa, quase sempre os pais acreditavam. A fam\u00edlia morava numa antiga rua em Recife, onde todos se conheciam naqueles idos pouco antes do golpe de 1964. Por ali, tamb\u00e9m morava Elisa, filha da dona Eul\u00e1lia e do [&hellip;]<\/p>\n","protected":false},"author":2,"featured_media":334545,"comment_status":"closed","ping_status":"closed","sticky":false,"template":"","format":"standard","meta":{"_acf_changed":false,"footnotes":""},"categories":[165],"tags":[],"class_list":["post-334544","post","type-post","status-publish","format-standard","has-post-thumbnail","hentry","category-nordeste"],"acf":[],"_links":{"self":[{"href":"https:\/\/www.notibras.com\/site\/wp-json\/wp\/v2\/posts\/334544","targetHints":{"allow":["GET"]}}],"collection":[{"href":"https:\/\/www.notibras.com\/site\/wp-json\/wp\/v2\/posts"}],"about":[{"href":"https:\/\/www.notibras.com\/site\/wp-json\/wp\/v2\/types\/post"}],"author":[{"embeddable":true,"href":"https:\/\/www.notibras.com\/site\/wp-json\/wp\/v2\/users\/2"}],"replies":[{"embeddable":true,"href":"https:\/\/www.notibras.com\/site\/wp-json\/wp\/v2\/comments?post=334544"}],"version-history":[{"count":2,"href":"https:\/\/www.notibras.com\/site\/wp-json\/wp\/v2\/posts\/334544\/revisions"}],"predecessor-version":[{"id":334550,"href":"https:\/\/www.notibras.com\/site\/wp-json\/wp\/v2\/posts\/334544\/revisions\/334550"}],"wp:featuredmedia":[{"embeddable":true,"href":"https:\/\/www.notibras.com\/site\/wp-json\/wp\/v2\/media\/334545"}],"wp:attachment":[{"href":"https:\/\/www.notibras.com\/site\/wp-json\/wp\/v2\/media?parent=334544"}],"wp:term":[{"taxonomy":"category","embeddable":true,"href":"https:\/\/www.notibras.com\/site\/wp-json\/wp\/v2\/categories?post=334544"},{"taxonomy":"post_tag","embeddable":true,"href":"https:\/\/www.notibras.com\/site\/wp-json\/wp\/v2\/tags?post=334544"}],"curies":[{"name":"wp","href":"https:\/\/api.w.org\/{rel}","templated":true}]}}