{"id":334579,"date":"2024-08-14T05:04:45","date_gmt":"2024-08-14T08:04:45","guid":{"rendered":"https:\/\/www.notibras.com\/site\/?p=334579"},"modified":"2024-08-14T09:08:58","modified_gmt":"2024-08-14T12:08:58","slug":"rodoviarios-fazem-acordo-e-encarram-greve-apos-dois-dias","status":"publish","type":"post","link":"https:\/\/www.notibras.com\/site\/rodoviarios-fazem-acordo-e-encarram-greve-apos-dois-dias\/","title":{"rendered":"Rodovi\u00e1rios fazem acordo com patr\u00f5es e encarram greve ap\u00f3s dois dias"},"content":{"rendered":"<p>Motoristas e cobradores de \u00f4nibus das empresas do Grande Recife suspenderam uma greve ap\u00f3s dois dias e voltaram a trabalhar nos primeiros minutos desta quarta, 14. Os empregados fizeram acordo com patr\u00f5es e conseguiram reajuste salarial de 4,2%.Para os usu\u00e1rios, por\u00e9m, a cena \u00e9 a de sempre: \u00f4nibus superlotados, longas filas, calor e demora.<\/p>\n<p>Na semana passada, os rodovi\u00e1rios, insatisfeitos com as propostas patronais, aprovaram o in\u00edcio da greve a partir de segunda-feira (12).<\/p>\n<p>Segundo o sindicato que representa a categoria no Grande Recife, enquanto os trabalhadores pedem 5% de aumento al\u00e9m da reposi\u00e7\u00e3o da perda inflacion\u00e1ria do \u00faltimo per\u00edodo, as empresas oferecem 0,5% de aumento real. A categoria tamb\u00e9m recusou a oferta de elevar o valor do vale-alimenta\u00e7\u00e3o dos atuais R$ 366 para R$ 400 \u2013 quantia que o sindicato considera irris\u00f3ria.<\/p>\n<p>\u201cApesar das insistentes tentativas de negocia\u00e7\u00e3o por parte do Sindicato dos Rodovi\u00e1rios, e ap\u00f3s diversas mobiliza\u00e7\u00f5es da categoria demonstrarem insatisfa\u00e7\u00e3o, nenhum avan\u00e7o ocorreu\u201d, disse a entidade trabalhista. Em nota, afirma que, ap\u00f3s v\u00e1rias reuni\u00f5es de negocia\u00e7\u00e3o, o Sindicato das Empresas de Transportes de Passageiros (Urbana-PE) n\u00e3o acolheu ou prop\u00f4s alternativa satisfat\u00f3ria \u00e0 principal demanda da categoria, que \u00e9 a implementa\u00e7\u00e3o de um plano de sa\u00fade.<\/p>\n<p>Na tentativa de minimizar os impactos da paralisa\u00e7\u00e3o para a popula\u00e7\u00e3o, o Grande Recife Cons\u00f3rcio de Transportes, empresa p\u00fablica vinculada \u00e0 Secretaria Estadual de Mobilidade e Infraestrutura, pediu que a Justi\u00e7a determinasse aos rodovi\u00e1rios a manuten\u00e7\u00e3o de uma frota m\u00ednima, rodando pelo tempo que durasse a greve.<\/p>\n<p>O Tribunal Regional do Trabalho (TRT) da 6\u00aa Regi\u00e3o ordenou, na segunda-feira (12), o que o Sindicato dos Rodovi\u00e1rios garanta a circula\u00e7\u00e3o de, no m\u00ednimo, 60% dos \u00f4nibus durante o hor\u00e1rio de pico (das 6h \u00e0s 9h e das 17h \u00e0s 20h) e de 40% nos demais hor\u00e1rios, sob pena de receber multas di\u00e1rias de R$ 30 mil.<\/p>\n<p>Em sua decis\u00e3o, o desembargador F\u00e1bio Farias, do TRT, agendou audi\u00eancia de concilia\u00e7\u00e3o para a tarde de ter\u00e7a-feira (13), em Recife. Para o Sindicato dos Rodovi\u00e1rios, contudo, a resolu\u00e7\u00e3o do impasse negocial dependeria da participa\u00e7\u00e3o ativa do governo de Pernambuco nas negocia\u00e7\u00f5es.<\/p>\n<p>\u201cS\u00f3 em subs\u00eddios p\u00fablicos, o governo estadual j\u00e1 destinou mais de R$348 milh\u00f5es aos empres\u00e1rios, com a previs\u00e3o de chegar a R$ 400 milh\u00f5es at\u00e9 o fim do ano. Entendemos, portanto, que o governo estadual precisa participar das negocia\u00e7\u00f5es e mediar uma solu\u00e7\u00e3o\u201d, ressalta o Sindicato dos Rodovi\u00e1rios. Mas prevaleceu o bom senso e a greve acabou.<\/p>\n","protected":false},"excerpt":{"rendered":"<p>Motoristas e cobradores de \u00f4nibus das empresas do Grande Recife suspenderam uma greve ap\u00f3s dois dias e voltaram a trabalhar nos primeiros minutos desta quarta, 14. Os empregados fizeram acordo com patr\u00f5es e conseguiram reajuste salarial de 4,2%.Para os usu\u00e1rios, por\u00e9m, a cena \u00e9 a de sempre: \u00f4nibus superlotados, longas filas, calor e demora. Na [&hellip;]<\/p>\n","protected":false},"author":2,"featured_media":334580,"comment_status":"closed","ping_status":"closed","sticky":false,"template":"","format":"standard","meta":{"_acf_changed":false,"footnotes":""},"categories":[165],"tags":[],"class_list":["post-334579","post","type-post","status-publish","format-standard","has-post-thumbnail","hentry","category-nordeste"],"acf":[],"_links":{"self":[{"href":"https:\/\/www.notibras.com\/site\/wp-json\/wp\/v2\/posts\/334579","targetHints":{"allow":["GET"]}}],"collection":[{"href":"https:\/\/www.notibras.com\/site\/wp-json\/wp\/v2\/posts"}],"about":[{"href":"https:\/\/www.notibras.com\/site\/wp-json\/wp\/v2\/types\/post"}],"author":[{"embeddable":true,"href":"https:\/\/www.notibras.com\/site\/wp-json\/wp\/v2\/users\/2"}],"replies":[{"embeddable":true,"href":"https:\/\/www.notibras.com\/site\/wp-json\/wp\/v2\/comments?post=334579"}],"version-history":[{"count":3,"href":"https:\/\/www.notibras.com\/site\/wp-json\/wp\/v2\/posts\/334579\/revisions"}],"predecessor-version":[{"id":334583,"href":"https:\/\/www.notibras.com\/site\/wp-json\/wp\/v2\/posts\/334579\/revisions\/334583"}],"wp:featuredmedia":[{"embeddable":true,"href":"https:\/\/www.notibras.com\/site\/wp-json\/wp\/v2\/media\/334580"}],"wp:attachment":[{"href":"https:\/\/www.notibras.com\/site\/wp-json\/wp\/v2\/media?parent=334579"}],"wp:term":[{"taxonomy":"category","embeddable":true,"href":"https:\/\/www.notibras.com\/site\/wp-json\/wp\/v2\/categories?post=334579"},{"taxonomy":"post_tag","embeddable":true,"href":"https:\/\/www.notibras.com\/site\/wp-json\/wp\/v2\/tags?post=334579"}],"curies":[{"name":"wp","href":"https:\/\/api.w.org\/{rel}","templated":true}]}}