{"id":334584,"date":"2024-08-14T00:05:54","date_gmt":"2024-08-14T03:05:54","guid":{"rendered":"https:\/\/www.notibras.com\/site\/?p=334584"},"modified":"2024-08-14T10:16:27","modified_gmt":"2024-08-14T13:16:27","slug":"defesa-civil-alerta-para-onda-de-frio-e-baixa-umidade","status":"publish","type":"post","link":"https:\/\/www.notibras.com\/site\/defesa-civil-alerta-para-onda-de-frio-e-baixa-umidade\/","title":{"rendered":"Defesa Civil alerta para onda de frio e baixa umidade"},"content":{"rendered":"<p>A Defesa Civil emitiu alerta para a popula\u00e7\u00e3o redobrar os cuidados em raz\u00e3o da onda de frio que atinge o Distrito Federal. Nesta ter\u00e7a-feira (13), os term\u00f4metros chegaram a marcar 8,1\u00ba C, na esta\u00e7\u00e3o meteorol\u00f3gica da Ponte Alta, no Gama.<\/p>\n<p>A recomenda\u00e7\u00e3o \u00e9 manter-se agasalhado, em especial idosos, crian\u00e7as e pessoas com doen\u00e7as cr\u00f4nicas, que s\u00e3o mais suscet\u00edveis a hipotermia. Tamb\u00e9m \u00e9 importante refor\u00e7ar a higiene \u2014 principalmente a lavagem das m\u00e3os \u2014 para evitar a prolifera\u00e7\u00e3o de v\u00edrus, uma vez que, no frio, as pessoas tendem a ficar mais aglomeradas e em ambientes fechados.<\/p>\n<p>O DF tamb\u00e9m est\u00e1 com um alerta de \u201cgrande perigo\u201d para a baixa umidade, emitido pelo Instituto Nacional de Meteorologia (Inmet). Nesta ter\u00e7a, a umidade relativa do ar chegou a 11% \u2014 \u00edndice aferido, mais uma vez, na esta\u00e7\u00e3o da Ponte Alta. Ainda segundo o Inmet, Bras\u00edlia est\u00e1 h\u00e1 111 dias sem chuvas. O \u00faltimo registro de precipita\u00e7\u00e3o na esta\u00e7\u00e3o da \u00e1rea central data de 24 de abril.<\/p>\n<p>A previs\u00e3o para os pr\u00f3ximos dias \u00e9 de leve alta na umidade. As temperaturas, por\u00e9m, devem seguir baixas. At\u00e9 o fim da semana, a m\u00ednima vai oscilar entre 11\u00ba C e 13\u00ba C. A m\u00e1xima pode chegar a 30\u00ba C<\/p>\n<p>Nesse caso, as orienta\u00e7\u00f5es da Defesa Civil s\u00e3o manter o corpo hidratado, com uma garrafa para reposi\u00e7\u00e3o de l\u00edquidos sempre \u00e0 m\u00e3o; usar hidratantes labiais e corporais, al\u00e9m de soro fisiol\u00f3gico no nariz e nos olhos para evitar ressecamento; fazer refei\u00e7\u00f5es mais leves; evitar ficar ao ar livre nos per\u00edodos de maior incid\u00eancia solar, especialmente praticando atividades f\u00edsicas; usar chap\u00e9u e \u00f3culos quando estiver exposto ao sol; e utilizar umidificadores, baldes ou panos molhados para aumentar a umidade em ambientes fechados.<\/p>\n<p>Tamb\u00e9m \u00e9 importante ficar atento ao risco maior de inc\u00eandios florestais. Por isso, n\u00e3o se deve jogar pontas de cigarro nem fumar em locais com vegeta\u00e7\u00e3o; n\u00e3o eliminar lixo ou entulho com fogo; e em acampamentos, evitar fazer fogueiras, mas, caso seja necess\u00e1rio, deixar uma pessoa vigiando e apag\u00e1-la totalmente antes de se afastar.<\/p>\n<p>A previs\u00e3o para os pr\u00f3ximos dias \u00e9 de leve alta na umidade \u2014 que deve chegar \u00e0 casa dos 20%, no m\u00ednimo. As temperaturas, por\u00e9m, devem seguir baixas. At\u00e9 o fim da semana, a m\u00ednima vai oscilar entre 11\u00ba C e 13\u00ba C. A m\u00e1xima pode chegar a 30\u00ba C.<\/p>\n<p><strong>A\u00e7\u00e3o contra o Frio<\/strong><br \/>\nPara proteger pessoas em situa\u00e7\u00e3o de rua durante os per\u00edodos de baixas temperaturas, o Governo do Distrito Federal (GDF) tem aberto espa\u00e7os p\u00fablicos para que essa popula\u00e7\u00e3o possa passar a noite, na chamada A\u00e7\u00e3o contra o Frio.<\/p>\n<p>Do in\u00edcio da iniciativa neste ano, em 17 de junho, at\u00e9 o \u00faltimo domingo (11), foram realizados 7.306 atendimentos. Atualmente, dois espa\u00e7os est\u00e3o em funcionamento \u2014 no Cief da Asa Sul (907) e na Coordena\u00e7\u00e3o Regional de Ensino de Ceil\u00e2ndia (QNM 27). Os locais podem ser abertos ou fechados conforme a demanda. O do Gama, no Centro de Conviv\u00eancia da Regi\u00e3o, funcionou de 20 de junho a 2 de julho.<\/p>\n<p>Os espa\u00e7os funcionam de domingo a domingo, das 19h \u00e0s 7h, com fechamento dos port\u00f5es \u00e0s 22h. O abrigo da Asa Sul tem capacidade para receber at\u00e9 115 pessoas por noite, enquanto o de Ceil\u00e2ndia comporta at\u00e9 40 pessoas.<\/p>\n<p>Nos locais, a popula\u00e7\u00e3o tem \u00e0 disposi\u00e7\u00e3o colch\u00e3o, cobertor e chuveiro quente, al\u00e9m de receber jantar e caf\u00e9 da manh\u00e3 balanceados e feitos sob supervis\u00e3o de nutricionistas, kit higiene e agasalhos. Em parte, esse material vem da Campanha do Agasalho Solid\u00e1rio, iniciativa da Chefia-Executiva de Pol\u00edticas Sociais idealizada pela primeira-dama do DF, Mayara Noronha Rocha que, neste ano, arrecadou mais de 20 mil itens de inverno.<\/p>\n","protected":false},"excerpt":{"rendered":"<p>A Defesa Civil emitiu alerta para a popula\u00e7\u00e3o redobrar os cuidados em raz\u00e3o da onda de frio que atinge o Distrito Federal. Nesta ter\u00e7a-feira (13), os term\u00f4metros chegaram a marcar 8,1\u00ba C, na esta\u00e7\u00e3o meteorol\u00f3gica da Ponte Alta, no Gama. A recomenda\u00e7\u00e3o \u00e9 manter-se agasalhado, em especial idosos, crian\u00e7as e pessoas com doen\u00e7as cr\u00f4nicas, que [&hellip;]<\/p>\n","protected":false},"author":2,"featured_media":334585,"comment_status":"closed","ping_status":"closed","sticky":false,"template":"","format":"standard","meta":{"_acf_changed":false,"footnotes":""},"categories":[161],"tags":[],"class_list":["post-334584","post","type-post","status-publish","format-standard","has-post-thumbnail","hentry","category-quadradinho-em-foco"],"acf":[],"_links":{"self":[{"href":"https:\/\/www.notibras.com\/site\/wp-json\/wp\/v2\/posts\/334584","targetHints":{"allow":["GET"]}}],"collection":[{"href":"https:\/\/www.notibras.com\/site\/wp-json\/wp\/v2\/posts"}],"about":[{"href":"https:\/\/www.notibras.com\/site\/wp-json\/wp\/v2\/types\/post"}],"author":[{"embeddable":true,"href":"https:\/\/www.notibras.com\/site\/wp-json\/wp\/v2\/users\/2"}],"replies":[{"embeddable":true,"href":"https:\/\/www.notibras.com\/site\/wp-json\/wp\/v2\/comments?post=334584"}],"version-history":[{"count":1,"href":"https:\/\/www.notibras.com\/site\/wp-json\/wp\/v2\/posts\/334584\/revisions"}],"predecessor-version":[{"id":334586,"href":"https:\/\/www.notibras.com\/site\/wp-json\/wp\/v2\/posts\/334584\/revisions\/334586"}],"wp:featuredmedia":[{"embeddable":true,"href":"https:\/\/www.notibras.com\/site\/wp-json\/wp\/v2\/media\/334585"}],"wp:attachment":[{"href":"https:\/\/www.notibras.com\/site\/wp-json\/wp\/v2\/media?parent=334584"}],"wp:term":[{"taxonomy":"category","embeddable":true,"href":"https:\/\/www.notibras.com\/site\/wp-json\/wp\/v2\/categories?post=334584"},{"taxonomy":"post_tag","embeddable":true,"href":"https:\/\/www.notibras.com\/site\/wp-json\/wp\/v2\/tags?post=334584"}],"curies":[{"name":"wp","href":"https:\/\/api.w.org\/{rel}","templated":true}]}}