{"id":334587,"date":"2024-08-14T00:00:45","date_gmt":"2024-08-14T03:00:45","guid":{"rendered":"https:\/\/www.notibras.com\/site\/?p=334587"},"modified":"2024-08-14T10:07:40","modified_gmt":"2024-08-14T13:07:40","slug":"produtores-aprendem-sobre-criacao-de-abelhas-com-ferrao","status":"publish","type":"post","link":"https:\/\/www.notibras.com\/site\/produtores-aprendem-sobre-criacao-de-abelhas-com-ferrao\/","title":{"rendered":"Produtores aprendem sobre cria\u00e7\u00e3o de abelhas com ferr\u00e3o"},"content":{"rendered":"<p>A Emater ofereceu no N\u00facleo Rural Alexandre Gusm\u00e3o (regi\u00e3o administrativa de Brazl\u00e2ndia), um curso sobre apicultura \u2013 cria\u00e7\u00e3o de abelhas com ferr\u00e3o. A atividade exige mais cuidados, por\u00e9m \u00e9 mais lucrativa. Foram duas aulas: a primeira foi realizada na quinta-feira (8) e a \u00faltima, na ter\u00e7a (13).<\/p>\n<p>O curso aborda todas as etapas da cria\u00e7\u00e3o de abelhas e da produ\u00e7\u00e3o de mel. A zootecnista Michelle Costa, uma das organizadoras da atividade, explica que o empreendedor deve redobrar a aten\u00e7\u00e3o no manejo dos animais. \u201c\u00c9 preciso usar todos os EPIs [equipamentos de prote\u00e7\u00e3o individual] adequados, al\u00e9m de observar as dist\u00e2ncias m\u00ednimas entre as colmeias e as casas e propriedades\u201d, orienta.<\/p>\n<p>Al\u00e9m do mel, as abelhas com ferr\u00e3o produzem cera, p\u00f3len, pr\u00f3polis e apitoxina \u2014 o veneno dos insetos, usado na fabrica\u00e7\u00e3o de cosm\u00e9ticos e medicamentos. \u201cA Apis mel\u00edfera, como s\u00e3o chamadas as africanizadas, costumam entregar cerca de 30kg de mel por ano, uma m\u00e9dia dez vezes maior que as abelhas nativas, sem ferr\u00e3o\u201d, acrescenta Michelle.<\/p>\n<p>Durante a atividade, o m\u00e9dico-veterin\u00e1rio Edilson Amaral demonstrou como fazer o manejo correto das colmeias, desde o per\u00edodo pr\u00e9-safra at\u00e9 a p\u00f3s-safra. \u201c\u00c9 importante observar os tipos de alimenta\u00e7\u00e3o adequada em todas as etapas de produ\u00e7\u00e3o\u201d, ensina o extensionista. Edilson demonstrou tamb\u00e9m como processar a cera das abelhas de modo a introduzir nas colmeias para acelerar a produ\u00e7\u00e3o do mel.<\/p>\n<p><strong>Utilidade<\/strong><br \/>\nPara o produtor rural Deuzimar Pimenta da Silva, que possui uma ch\u00e1cara no Incra 7, em Alexandre Gusm\u00e3o, as oficinas foram de grande utilidade. \u201cJ\u00e1 tenho cinco enxames, e vejo a possibilidade de aumentar ainda mais a produ\u00e7\u00e3o\u201d, vislumbra. Deuzimar, que come\u00e7ou a criar abelhas por acaso, conseguiu extrair 13 kg de mel na primeira safra. \u201cNa pr\u00f3xima, vou alcan\u00e7ar facilmente 40 kg\u201d, planeja o produtor.<\/p>\n<p>Natural de Mara Rosa (GO), Deuzimar se diz um apaixonado pela natureza. \u201cSempre gostei de planta\u00e7\u00f5es, florada, e, sabendo que as abelhas polinizam as frutas e hortali\u00e7as, j\u00e1 estou querendo plantar caf\u00e9, com a amplia\u00e7\u00e3o de conhecimentos que tive gra\u00e7as \u00e0 Emater\u201d, afirma.<\/p>\n<p>J\u00e1 o produtor \u00c9lvio Meireles, tamb\u00e9m do Incra 7, que trabalha com ovinos e aves ex\u00f3ticas, tamb\u00e9m iniciou na atividade da apicultura. \u201cO curso foi \u00f3timo para aumentar nosso conhecimento em aspectos t\u00e9cnicos, com apresenta\u00e7\u00e3o de metodologias e equipamentos que podem facilitar o trabalho. A Emater abriu a vis\u00e3o sobre o leque de oportunidades que a apicultura oferece\u201d, observa. A produtora N\u00fabia Louren\u00e7o Meireles concorda com o marido: \u201cAinda estamos no in\u00edcio e a empresa tem o conhecimento necess\u00e1rio para nos dar apoio\u201d, conclui.<\/p>\n<p><strong>Saldo positivo<\/strong><br \/>\nA m\u00e9dica-veterin\u00e1ria Soliene Partata, uma das organizadoras da oficina junto com Edilson e Michelle, explica que a demanda surgiu dos produtores da regi\u00e3o. \u201cPercebemos que eles t\u00eam muito interesse e curiosidade sobre a cadeia produtiva do mel. O Distrito Federal \u00e9 um mercado promissor, inclusive para outros produtos que as abelhas oferecem, como pr\u00f3polis, p\u00f3len e cera. E a Emater tem olhado de perto os empreendedores rurais, eles sabem que a qualquer momento podem nos procurar que estamos dispon\u00edveis para orientar e esclarecer\u201d, conta a extensionista.<\/p>\n<p>Soliene acrescenta que a empresa tem lan\u00e7ado um olhar diferenciado para a cria\u00e7\u00e3o de abelhas, tanto com ferr\u00e3o quanto sem. \u201cRecentemente adquirimos EPIs, fizemos doa\u00e7\u00f5es de caixas para produtores interessados e estamos planejando oferecer mais cursos de capacita\u00e7\u00e3o, inclusive para os nossos t\u00e9cnicos\u201d, encerra.<\/p>\n","protected":false},"excerpt":{"rendered":"<p>A Emater ofereceu no N\u00facleo Rural Alexandre Gusm\u00e3o (regi\u00e3o administrativa de Brazl\u00e2ndia), um curso sobre apicultura \u2013 cria\u00e7\u00e3o de abelhas com ferr\u00e3o. A atividade exige mais cuidados, por\u00e9m \u00e9 mais lucrativa. Foram duas aulas: a primeira foi realizada na quinta-feira (8) e a \u00faltima, na ter\u00e7a (13). O curso aborda todas as etapas da cria\u00e7\u00e3o [&hellip;]<\/p>\n","protected":false},"author":2,"featured_media":334589,"comment_status":"closed","ping_status":"closed","sticky":false,"template":"","format":"standard","meta":{"_acf_changed":false,"footnotes":""},"categories":[161],"tags":[],"class_list":["post-334587","post","type-post","status-publish","format-standard","has-post-thumbnail","hentry","category-quadradinho-em-foco"],"acf":[],"_links":{"self":[{"href":"https:\/\/www.notibras.com\/site\/wp-json\/wp\/v2\/posts\/334587","targetHints":{"allow":["GET"]}}],"collection":[{"href":"https:\/\/www.notibras.com\/site\/wp-json\/wp\/v2\/posts"}],"about":[{"href":"https:\/\/www.notibras.com\/site\/wp-json\/wp\/v2\/types\/post"}],"author":[{"embeddable":true,"href":"https:\/\/www.notibras.com\/site\/wp-json\/wp\/v2\/users\/2"}],"replies":[{"embeddable":true,"href":"https:\/\/www.notibras.com\/site\/wp-json\/wp\/v2\/comments?post=334587"}],"version-history":[{"count":2,"href":"https:\/\/www.notibras.com\/site\/wp-json\/wp\/v2\/posts\/334587\/revisions"}],"predecessor-version":[{"id":334591,"href":"https:\/\/www.notibras.com\/site\/wp-json\/wp\/v2\/posts\/334587\/revisions\/334591"}],"wp:featuredmedia":[{"embeddable":true,"href":"https:\/\/www.notibras.com\/site\/wp-json\/wp\/v2\/media\/334589"}],"wp:attachment":[{"href":"https:\/\/www.notibras.com\/site\/wp-json\/wp\/v2\/media?parent=334587"}],"wp:term":[{"taxonomy":"category","embeddable":true,"href":"https:\/\/www.notibras.com\/site\/wp-json\/wp\/v2\/categories?post=334587"},{"taxonomy":"post_tag","embeddable":true,"href":"https:\/\/www.notibras.com\/site\/wp-json\/wp\/v2\/tags?post=334587"}],"curies":[{"name":"wp","href":"https:\/\/api.w.org\/{rel}","templated":true}]}}