{"id":334592,"date":"2024-08-14T00:03:18","date_gmt":"2024-08-14T03:03:18","guid":{"rendered":"https:\/\/www.notibras.com\/site\/?p=334592"},"modified":"2024-08-14T10:15:17","modified_gmt":"2024-08-14T13:15:17","slug":"parentes-de-vitimas-de-incendio-serao-amparados-com-auxilios-sociais","status":"publish","type":"post","link":"https:\/\/www.notibras.com\/site\/parentes-de-vitimas-de-incendio-serao-amparados-com-auxilios-sociais\/","title":{"rendered":"Parentes de v\u00edtimas de inc\u00eandio ser\u00e3o amparados com aux\u00edlios sociais"},"content":{"rendered":"<p>O Governo do Distrito Federal tem prestado apoio \u00e0s v\u00edtimas do inc\u00eandio que resultou na morte de cinco pessoas em Planaltina na noite de segunda-feira (12). Os familiares ter\u00e3o acesso ao aux\u00edlio funeral e ao aux\u00edlio calamidade. Tamb\u00e9m est\u00e1 sob an\u00e1lise a concess\u00e3o do aux\u00edlio vulnerabilidade, todos disponibilizados pela Secretaria de Desenvolvimento Social (Sedes).<\/p>\n<p>Equipes do Centro de Refer\u00eancia Especializado de Assist\u00eancia Social (Creas) foram ao local do inc\u00eandio, no bairro Nossa Senhora de F\u00e1tima, para prestar apoio. O aux\u00edlio calamidade \u00e9 uma provis\u00e3o suplementar e provis\u00f3ria prestada para suprir a fam\u00edlia e o indiv\u00edduo dos meios necess\u00e1rios \u00e0 sobreviv\u00eancia, durante as situa\u00e7\u00f5es calamitosas, com o objetivo de assegurar a dignidade e a reconstru\u00e7\u00e3o da autonomia familiar e pessoal. \u00c9 concedido na forma de pec\u00fania, com um valor de R$ 408.<\/p>\n<p>J\u00e1 o aux\u00edlio funeral \u00e9 ofertado por meio do Benef\u00edcio Eventual, modalidade Aux\u00edlio por Morte, e tem o objetivo de reduzir as vulnerabilidades provocadas pela morte de algum membro da fam\u00edlia. \u00c9 concedido na forma de um valor financeiro \u00fanico de R$ 415 e\/ou bens de consumo, tamb\u00e9m chamado de enterro social. Neste caso, serve para atender \u00e0s despesas com urna funer\u00e1ria, vel\u00f3rio e sepultamento.<\/p>\n<p>O governador Ibaneis Rocha, lamentou a ocorr\u00eancia por meio das redes sociais e ressaltou o trabalho do Corpo de Bombeiros Militar do Distrito Federal que chegou rapidamente ao local para extinguir o inc\u00eandio j\u00e1 avan\u00e7ado, al\u00e9m de refor\u00e7ar que os \u00f3rg\u00e3os respons\u00e1veis pelo atendimento social est\u00e3o prestando toda a assist\u00eancia aos familiares.<\/p>\n<p>Segundo a secret\u00e1ria adjunta de Desenvolvimento Social, Jackeline Canhedo, o acolhimento foi oferecido aos familiares das v\u00edtimas, que n\u00e3o aceitaram por j\u00e1 possu\u00edrem uma rede de apoio. \u201cA assist\u00eancia social vem como um socorro para garantir o m\u00ednimo \u00e0s pessoas em situa\u00e7\u00e3o de vulnerabilidade. \u00c9 de extrema import\u00e2ncia a presen\u00e7a da Sedes nesses locais e garante o acolhimento necess\u00e1rio \u00e0 fam\u00edlia que passou por um trauma t\u00e3o grande\u201d, declarou Canhedo.<\/p>\n<p><strong>Suporte imediato<\/strong><br \/>\nO Corpo de Bombeiros Militar do Distrito Federal (CBMDF) utilizou cinco viaturas do 9\u00b0 Grupamento de Bombeiro Militar de Planaltina para atender \u00e0 ocorr\u00eancia de segunda-feira (12). Foi disponibilizada uma viatura do Servi\u00e7o de Atendimento M\u00f3vel de Urg\u00eancia (Samu) com a presen\u00e7a de um psic\u00f3logo para aux\u00edlio e suporte aos familiares das v\u00edtimas.<\/p>\n<p>O local ficou sob os cuidados da Pol\u00edcia Civil do Distrito Federal (PCDF), que realiza a per\u00edcia no local junto \u00e0 Diretoria de Investiga\u00e7\u00e3o de Inc\u00eandio (Dinvi) do CBMDF. O Centro de Assist\u00eancia Bombeiro Militar, unidade do CBMDF respons\u00e1vel pelo atendimento psicol\u00f3gico dos bombeiros militares, tamb\u00e9m foi acionado para prestar atendimento \u00e0s equipes que realizaram o socorro.<\/p>\n<p>O incidente ocorreu nas proximidades da esta\u00e7\u00e3o de tratamento da Companhia de Saneamento Ambiental do Distrito Federal (Caesb), \u00e0s margens da DF-230 em Planaltina-DF, no bairro Nossa Senhora de F\u00e1tima. Entre as cinco v\u00edtimas encontradas pelos bombeiros estavam uma mulher de 43 anos, tr\u00eas crian\u00e7as e uma adolescente entre 5 e 14 anos de idade.<\/p>\n","protected":false},"excerpt":{"rendered":"<p>O Governo do Distrito Federal tem prestado apoio \u00e0s v\u00edtimas do inc\u00eandio que resultou na morte de cinco pessoas em Planaltina na noite de segunda-feira (12). Os familiares ter\u00e3o acesso ao aux\u00edlio funeral e ao aux\u00edlio calamidade. Tamb\u00e9m est\u00e1 sob an\u00e1lise a concess\u00e3o do aux\u00edlio vulnerabilidade, todos disponibilizados pela Secretaria de Desenvolvimento Social (Sedes). Equipes [&hellip;]<\/p>\n","protected":false},"author":2,"featured_media":334593,"comment_status":"closed","ping_status":"closed","sticky":false,"template":"","format":"standard","meta":{"_acf_changed":false,"footnotes":""},"categories":[161],"tags":[],"class_list":["post-334592","post","type-post","status-publish","format-standard","has-post-thumbnail","hentry","category-quadradinho-em-foco"],"acf":[],"_links":{"self":[{"href":"https:\/\/www.notibras.com\/site\/wp-json\/wp\/v2\/posts\/334592","targetHints":{"allow":["GET"]}}],"collection":[{"href":"https:\/\/www.notibras.com\/site\/wp-json\/wp\/v2\/posts"}],"about":[{"href":"https:\/\/www.notibras.com\/site\/wp-json\/wp\/v2\/types\/post"}],"author":[{"embeddable":true,"href":"https:\/\/www.notibras.com\/site\/wp-json\/wp\/v2\/users\/2"}],"replies":[{"embeddable":true,"href":"https:\/\/www.notibras.com\/site\/wp-json\/wp\/v2\/comments?post=334592"}],"version-history":[{"count":1,"href":"https:\/\/www.notibras.com\/site\/wp-json\/wp\/v2\/posts\/334592\/revisions"}],"predecessor-version":[{"id":334594,"href":"https:\/\/www.notibras.com\/site\/wp-json\/wp\/v2\/posts\/334592\/revisions\/334594"}],"wp:featuredmedia":[{"embeddable":true,"href":"https:\/\/www.notibras.com\/site\/wp-json\/wp\/v2\/media\/334593"}],"wp:attachment":[{"href":"https:\/\/www.notibras.com\/site\/wp-json\/wp\/v2\/media?parent=334592"}],"wp:term":[{"taxonomy":"category","embeddable":true,"href":"https:\/\/www.notibras.com\/site\/wp-json\/wp\/v2\/categories?post=334592"},{"taxonomy":"post_tag","embeddable":true,"href":"https:\/\/www.notibras.com\/site\/wp-json\/wp\/v2\/tags?post=334592"}],"curies":[{"name":"wp","href":"https:\/\/api.w.org\/{rel}","templated":true}]}}