{"id":334629,"date":"2024-08-15T00:38:13","date_gmt":"2024-08-15T03:38:13","guid":{"rendered":"https:\/\/www.notibras.com\/site\/?p=334629"},"modified":"2024-08-15T08:40:03","modified_gmt":"2024-08-15T11:40:03","slug":"saude-cria-o-comite-de-emergencia-para-mpox","status":"publish","type":"post","link":"https:\/\/www.notibras.com\/site\/saude-cria-o-comite-de-emergencia-para-mpox\/","title":{"rendered":"Sa\u00fade cria o comit\u00ea de emerg\u00eancia para mpox"},"content":{"rendered":"<p>A ministra da Sa\u00fade, N\u00edsia Trindade, anunciou a cria\u00e7\u00e3o de um Comit\u00ea de Opera\u00e7\u00e3o de Emerg\u00eancia para adotar medidas de enfrentamento \u00e0 dissemina\u00e7\u00e3o da mpox, que vem preocupando autoridades internacionais. Mais cedo, a Organiza\u00e7\u00e3o Mundial da Sa\u00fade (OMS) declarou que o cen\u00e1rio de mpox na \u00c1frica constitui emerg\u00eancia em sa\u00fade p\u00fablica de import\u00e2ncia internacional em raz\u00e3o do risco de dissemina\u00e7\u00e3o global e de uma potencial nova pandemia. Este \u00e9 o mais alto n\u00edvel de alerta da entidade. Apesar disso, segundo a ministra, o momento \u00e9 de alerta, mas n\u00e3o de alarme.<\/p>\n<p>&#8220;N\u00f3s vamos instituir um Comit\u00ea de Opera\u00e7\u00e3o de Emerg\u00eancia, envolvendo Minist\u00e9rio da Sa\u00fade, Anvisa [Ag\u00eancia Nacional de Vigil\u00e2ncia Sanit\u00e1ria], conselhos de secret\u00e1rios municipais e estaduais de sa\u00fade. J\u00e1 est\u00e1vamos acompanhando, tivemos reuni\u00e3o de especialistas, h\u00e1 duas semanas, desde que come\u00e7aram os casos, e essa possibilidade [de dissemina\u00e7\u00e3o da doen\u00e7a], e vamos analisar as quest\u00f5es como vacina. N\u00e3o h\u00e1 motivo de alarme, mas de alerta&#8221;, afirmo a jornalistas, no Pal\u00e1cio do Planalto, ap\u00f3s participar de um evento de an\u00fancio de investimentos na ind\u00fastria da sa\u00fade.<\/p>\n<p>Entre as medidas que devem ser adotadas, segundo a ministra, est\u00e3o a aquisi\u00e7\u00e3o de testes de diagn\u00f3stico, alerta para viajantes e atualiza\u00e7\u00e3o do plano de conting\u00eancias. Sobre vacinas, por enquanto, n\u00e3o h\u00e1 previs\u00e3o de imuniza\u00e7\u00e3o em massa. No ano passado, a imuniza\u00e7\u00e3o contra a doen\u00e7a foi realizada em um momento de emerg\u00eancia em sa\u00fade p\u00fablica de import\u00e2ncia internacional, com o uso das doses liberadas pela Anvisa de forma provis\u00f3ria. Essas doses tamb\u00e9m foram usadas, segundo a ministra, para pesquisas cient\u00edficas.<\/p>\n<p>A avalia\u00e7\u00e3o da pasta \u00e9 que a nova onda da doen\u00e7a apresenta risco baixo neste momento para o Brasil. Dados do minist\u00e9rio apontam que, em 2024, foram notificados 709 casos de mpox no Brasil e 16 \u00f3bitos, sendo o mais recente em abril do ano passado. J\u00e1 em \u00e2mbito global, este ano, os casos j\u00e1 superam o total registrado em 2023 e somam mais de 14 mil, al\u00e9m de 524 mortes.<\/p>\n<p>Em maio de 2023, quase uma semana ap\u00f3s alterar o status da covid-19, a OMS declarou que a mpox tamb\u00e9m n\u00e3o configurava mais emerg\u00eancia em sa\u00fade p\u00fablica de import\u00e2ncia internacional. Em julho de 2022, a entidade havia decretado status de emerg\u00eancia em raz\u00e3o do surto da doen\u00e7a em diversos pa\u00edses.<\/p>\n<p><strong>Doen\u00e7a<\/strong><br \/>\nA mpox \u00e9 uma doen\u00e7a zoon\u00f3tica viral. A transmiss\u00e3o para humanos pode ocorrer por meio do contato com animais silvestres infectados, pessoas infectadas pelo v\u00edrus e materiais contaminados. Os sintomas, em geral, incluem erup\u00e7\u00f5es cut\u00e2neas ou les\u00f5es de pele, linfonodos inchados (\u00ednguas), febre, dores no corpo, dor de cabe\u00e7a, calafrio e fraqueza.<\/p>\n<p>As les\u00f5es podem ser planas ou levemente elevadas, preenchidas com l\u00edquido claro ou amarelado, podendo formar crostas que secam e caem. O n\u00famero de les\u00f5es pode variar de algumas a milhares. As erup\u00e7\u00f5es tendem a se concentrar no rosto, na palma das m\u00e3os e na planta dos p\u00e9s, mas podem ocorrer em qualquer parte do corpo, inclusive na boca, nos olhos, nos \u00f3rg\u00e3os genitais e no \u00e2nus.<\/p>\n","protected":false},"excerpt":{"rendered":"<p>A ministra da Sa\u00fade, N\u00edsia Trindade, anunciou a cria\u00e7\u00e3o de um Comit\u00ea de Opera\u00e7\u00e3o de Emerg\u00eancia para adotar medidas de enfrentamento \u00e0 dissemina\u00e7\u00e3o da mpox, que vem preocupando autoridades internacionais. Mais cedo, a Organiza\u00e7\u00e3o Mundial da Sa\u00fade (OMS) declarou que o cen\u00e1rio de mpox na \u00c1frica constitui emerg\u00eancia em sa\u00fade p\u00fablica de import\u00e2ncia internacional em [&hellip;]<\/p>\n","protected":false},"author":2,"featured_media":334630,"comment_status":"closed","ping_status":"closed","sticky":false,"template":"","format":"standard","meta":{"_acf_changed":false,"footnotes":""},"categories":[165],"tags":[],"class_list":["post-334629","post","type-post","status-publish","format-standard","has-post-thumbnail","hentry","category-nordeste"],"acf":[],"_links":{"self":[{"href":"https:\/\/www.notibras.com\/site\/wp-json\/wp\/v2\/posts\/334629","targetHints":{"allow":["GET"]}}],"collection":[{"href":"https:\/\/www.notibras.com\/site\/wp-json\/wp\/v2\/posts"}],"about":[{"href":"https:\/\/www.notibras.com\/site\/wp-json\/wp\/v2\/types\/post"}],"author":[{"embeddable":true,"href":"https:\/\/www.notibras.com\/site\/wp-json\/wp\/v2\/users\/2"}],"replies":[{"embeddable":true,"href":"https:\/\/www.notibras.com\/site\/wp-json\/wp\/v2\/comments?post=334629"}],"version-history":[{"count":1,"href":"https:\/\/www.notibras.com\/site\/wp-json\/wp\/v2\/posts\/334629\/revisions"}],"predecessor-version":[{"id":334631,"href":"https:\/\/www.notibras.com\/site\/wp-json\/wp\/v2\/posts\/334629\/revisions\/334631"}],"wp:featuredmedia":[{"embeddable":true,"href":"https:\/\/www.notibras.com\/site\/wp-json\/wp\/v2\/media\/334630"}],"wp:attachment":[{"href":"https:\/\/www.notibras.com\/site\/wp-json\/wp\/v2\/media?parent=334629"}],"wp:term":[{"taxonomy":"category","embeddable":true,"href":"https:\/\/www.notibras.com\/site\/wp-json\/wp\/v2\/categories?post=334629"},{"taxonomy":"post_tag","embeddable":true,"href":"https:\/\/www.notibras.com\/site\/wp-json\/wp\/v2\/tags?post=334629"}],"curies":[{"name":"wp","href":"https:\/\/api.w.org\/{rel}","templated":true}]}}