{"id":334635,"date":"2024-08-15T00:00:56","date_gmt":"2024-08-15T03:00:56","guid":{"rendered":"https:\/\/www.notibras.com\/site\/?p=334635"},"modified":"2024-08-15T08:51:43","modified_gmt":"2024-08-15T11:51:43","slug":"inflacao-desacelera-para-familias-de-renda-baixa","status":"publish","type":"post","link":"https:\/\/www.notibras.com\/site\/inflacao-desacelera-para-familias-de-renda-baixa\/","title":{"rendered":"Infla\u00e7\u00e3o desacelera para fam\u00edlias de renda baixa"},"content":{"rendered":"<p>A infla\u00e7\u00e3o desacelerou para as fam\u00edlias de renda baixa e muito baixa em julho, mas voltou a registrar alta entre as demais classes na compara\u00e7\u00e3o com junho. \u00c9 o que aponta o Indicador Ipea de Infla\u00e7\u00e3o por Faixa de Renda referente a julho, divulgado pelo Instituto de Pesquisa Econ\u00f4mica Aplicada (Ipea).<\/p>\n<p>Os dados do Ipea indicam que a taxa de infla\u00e7\u00e3o para as fam\u00edlias de renda alta ficou em 0,80% no m\u00eas passado, frente a 0,04% em junho. Entre as fam\u00edlias de renda muito baixa e baixa, as taxas foram, respectivamente, de 0,09% e 0,18% no m\u00eas passado, recuando em rela\u00e7\u00e3o ao percentual de 0,29% de junho.<\/p>\n<p>As fam\u00edlias de renda muito baixa seguem apresentando a menor taxa de infla\u00e7\u00e3o acumulada em 12 meses (4,05%), enquanto a faixa de renda alta tem a taxa mais elevada (5,09%).<\/p>\n<p>O grupo alimentos e bebidas foi o principal ponto de descompress\u00e3o inflacion\u00e1ria para todas as faixas de renda, tendo em vista a queda de pre\u00e7os observada em 10 dos 16 segmentos que formam esse conjunto de produtos.<\/p>\n<p><strong>Defla\u00e7\u00f5es<\/strong><br \/>\nAs defla\u00e7\u00f5es anotadas em itens importantes como cereais (-0,77%), tub\u00e9rculos (-16,3%), frutas (-2,8%), aves e ovos (-0,65%) e leites e derivados (-0,41%), entre outros, causaram forte al\u00edvio inflacion\u00e1rio, sobretudo, para as fam\u00edlias de menor poder aquisitivo, dada a parcela proporcionalmente maior do seu or\u00e7amento gasta com a compra desses bens.<\/p>\n<p>Por sua vez, os reajustes de 1,9% no pre\u00e7o da energia el\u00e9trica, impactado pela ado\u00e7\u00e3o da bandeira tarif\u00e1ria amarela, e de 1,2% do g\u00e1s de botij\u00e3o explicam a contribui\u00e7\u00e3o positiva do grupo habita\u00e7\u00e3o para a infla\u00e7\u00e3o de julho, especialmente entre as fam\u00edlias de renda mais baixa.<\/p>\n<p>As fam\u00edlias de renda alta foram mais atingidas pelos reajustes de 3,3% dos combust\u00edveis, de 4,4% do seguro veicular e de 19,4% das passagens a\u00e9reas, como as principais causas do forte impacto exercido pelo grupo transportes para a infla\u00e7\u00e3o das fam\u00edlias de renda alta em julho. O aumento dos servi\u00e7os pessoais (0,55%) e de lazer (0,52%) tamb\u00e9m ajuda a explicar o quadro de press\u00e3o inflacion\u00e1ria mais intensa para os segmentos de maior renda.<\/p>\n<p>Na compara\u00e7\u00e3o com julho de 2023, os dados revelam um avan\u00e7o da infla\u00e7\u00e3o corrente para todas as faixas de renda, com impacto mais intenso entre as fam\u00edlias de renda muito baixa &#8211; que observaram aumento de 0,09% na taxa em julho deste ano e uma defla\u00e7\u00e3o de 0,28% no mesmo per\u00edodo de 2023.<\/p>\n<p><strong>Habita\u00e7\u00e3o<\/strong><br \/>\nDe acordo com o Ipea, mesmo diante da melhora no desempenho dos alimentos no domic\u00edlio, cuja defla\u00e7\u00e3o em julho de 2024 (-1,5%) foi mais acentuada que a observada em julho de 2023 (-0,72%), o aumento da infla\u00e7\u00e3o corrente \u00e9 explicado, em grande parte, pela piora no desempenho dos grupos habita\u00e7\u00e3o e artigos de resid\u00eancia, al\u00e9m de uma defla\u00e7\u00e3o menos intensa do grupo vestu\u00e1rio. No primeiro caso, as altas nos pre\u00e7os da energia el\u00e9trica (1,9%) e do g\u00e1s de botij\u00e3o (1,2%), em 2024, ficaram bem acima das quedas apontadas em 2023: -3,9% e -1,0%, respectivamente.<\/p>\n<p>J\u00e1 para o grupo artigos de resid\u00eancia, a queda de 0,29% dos pre\u00e7os dos produtos eletroeletr\u00f4nicos, verificada em 2023, contrasta com o reajuste de 0,62% em julho de 2024. Por fim, em rela\u00e7\u00e3o ao grupo vestu\u00e1rio, nota-se que a defla\u00e7\u00e3o de 0,02% observada em julho de 2024 ficou aqu\u00e9m da apontada no mesmo per\u00edodo de 2023 (-0,24%).<\/p>\n<p>A infla\u00e7\u00e3o acumulada em 12 meses, com os dados de julho de 2024 incorporados, mostra que todas as classes de renda registraram acelera\u00e7\u00e3o de sua curva de crescimento. Em termos absolutos, o segmento de renda baixa \u00e9 o que apresenta a menor taxa de infla\u00e7\u00e3o (4,1%), enquanto a faixa de renda alta \u00e9 a que aponta a taxa mais elevada no per\u00edodo considerado (5,1%).<\/p>\n","protected":false},"excerpt":{"rendered":"<p>A infla\u00e7\u00e3o desacelerou para as fam\u00edlias de renda baixa e muito baixa em julho, mas voltou a registrar alta entre as demais classes na compara\u00e7\u00e3o com junho. \u00c9 o que aponta o Indicador Ipea de Infla\u00e7\u00e3o por Faixa de Renda referente a julho, divulgado pelo Instituto de Pesquisa Econ\u00f4mica Aplicada (Ipea). Os dados do Ipea [&hellip;]<\/p>\n","protected":false},"author":2,"featured_media":334636,"comment_status":"closed","ping_status":"closed","sticky":false,"template":"","format":"standard","meta":{"_acf_changed":false,"footnotes":""},"categories":[165],"tags":[],"class_list":["post-334635","post","type-post","status-publish","format-standard","has-post-thumbnail","hentry","category-nordeste"],"acf":[],"_links":{"self":[{"href":"https:\/\/www.notibras.com\/site\/wp-json\/wp\/v2\/posts\/334635","targetHints":{"allow":["GET"]}}],"collection":[{"href":"https:\/\/www.notibras.com\/site\/wp-json\/wp\/v2\/posts"}],"about":[{"href":"https:\/\/www.notibras.com\/site\/wp-json\/wp\/v2\/types\/post"}],"author":[{"embeddable":true,"href":"https:\/\/www.notibras.com\/site\/wp-json\/wp\/v2\/users\/2"}],"replies":[{"embeddable":true,"href":"https:\/\/www.notibras.com\/site\/wp-json\/wp\/v2\/comments?post=334635"}],"version-history":[{"count":1,"href":"https:\/\/www.notibras.com\/site\/wp-json\/wp\/v2\/posts\/334635\/revisions"}],"predecessor-version":[{"id":334637,"href":"https:\/\/www.notibras.com\/site\/wp-json\/wp\/v2\/posts\/334635\/revisions\/334637"}],"wp:featuredmedia":[{"embeddable":true,"href":"https:\/\/www.notibras.com\/site\/wp-json\/wp\/v2\/media\/334636"}],"wp:attachment":[{"href":"https:\/\/www.notibras.com\/site\/wp-json\/wp\/v2\/media?parent=334635"}],"wp:term":[{"taxonomy":"category","embeddable":true,"href":"https:\/\/www.notibras.com\/site\/wp-json\/wp\/v2\/categories?post=334635"},{"taxonomy":"post_tag","embeddable":true,"href":"https:\/\/www.notibras.com\/site\/wp-json\/wp\/v2\/tags?post=334635"}],"curies":[{"name":"wp","href":"https:\/\/api.w.org\/{rel}","templated":true}]}}