{"id":334642,"date":"2024-08-15T00:00:14","date_gmt":"2024-08-15T03:00:14","guid":{"rendered":"https:\/\/www.notibras.com\/site\/?p=334642"},"modified":"2024-08-15T09:25:38","modified_gmt":"2024-08-15T12:25:38","slug":"ideb-cresce-e-mostra-aumento-da-qualidade-da-educacao-basica","status":"publish","type":"post","link":"https:\/\/www.notibras.com\/site\/ideb-cresce-e-mostra-aumento-da-qualidade-da-educacao-basica\/","title":{"rendered":"Ideb cresce e mostra aumento da qualidade da educa\u00e7\u00e3o b\u00e1sica"},"content":{"rendered":"<p>Os ensinos fundamental e m\u00e9dio est\u00e3o conseguindo retomar a trajet\u00f3ria positiva observada nos anos anteriores \u00e0 pandemia, em especial quando o recorte s\u00e3o os anos iniciais do fundamental (do 1\u00ba ao 5\u00ba ano). Nesses anos escolares, o pa\u00eds est\u00e1 conseguindo atingir a meta de seis pontos \u2013 valor que tem como refer\u00eancia o desempenho de na\u00e7\u00f5es desenvolvidas, segundo resultados do Programa Internacional de Avalia\u00e7\u00e3o de Estudantes (Pisa), da Organiza\u00e7\u00e3o para a Coopera\u00e7\u00e3o e o Desenvolvimento Econ\u00f4mico (OCDE).<\/p>\n<p>Segundo o \u00cdndice de Desenvolvimento da Educa\u00e7\u00e3o B\u00e1sica (Ideb) de 2023, divulgado nesta quarta-feira (14), em Bras\u00edlia, pelo Minist\u00e9rio da Educa\u00e7\u00e3o (MEC), nos anos finais do ensino fundamental (do 6\u00ba ao 9\u00ba ano), o Brasil alcan\u00e7ou 5 pontos. Apesar de n\u00e3o ter atingido a meta de 5,5 pontos, o resultado demonstra uma retomada positiva na compara\u00e7\u00e3o com o per\u00edodo pr\u00e9-pand\u00eamico (2019), quando obteve 4,9 pontos.<\/p>\n<p>Em 2021, ano em que, devido \u00e0 pandemia, a taxa de aprova\u00e7\u00e3o foi influenciada por pol\u00edticas que evitaram preju\u00edzos ainda maiores aos estudantes, a nota obtida foi naturalmente maior: 5,1 pontos.<\/p>\n<p>O ensino m\u00e9dio registrou 4,3 pontos em 2023, tamb\u00e9m abaixo da meta de 5,2 pontos. O resultado, no entanto, apresenta evolu\u00e7\u00e3o, se comparado a 2019 e 2021, quando a pontua\u00e7\u00e3o obtida alcan\u00e7ou 4,2 pontos.<\/p>\n<p><strong>Qualidade<\/strong><br \/>\nO Ideb \u00e9 o principal instrumento de monitoramento da qualidade da educa\u00e7\u00e3o b\u00e1sica do pa\u00eds. Ao reunir dados sobre o \u00edndice de aprova\u00e7\u00e3o e de desempenho dos estudantes em l\u00edngua portuguesa e matem\u00e1tica, ele averigua desempenho e indicadores de fluxo e trajet\u00f3ria escolar.<\/p>\n<p>&#8220;Estamos encerrando um ciclo que era para ser finalizado em 2022, com o Ideb de 2021. O Ideb norteia caminhos e tomadas de decis\u00f5es para a educa\u00e7\u00e3o b\u00e1sica do pa\u00eds, e determina o que deve ser melhorado para garantir programas e iniciativas que assegurem o atendimento das necessidades da popula\u00e7\u00e3o&#8221;, explicou o ministro da Educa\u00e7\u00e3o, Camilo Santana, ao apontar o \u00edndice como principal instrumento de monitoramento da educa\u00e7\u00e3o b\u00e1sica do pa\u00eds.<\/p>\n","protected":false},"excerpt":{"rendered":"<p>Os ensinos fundamental e m\u00e9dio est\u00e3o conseguindo retomar a trajet\u00f3ria positiva observada nos anos anteriores \u00e0 pandemia, em especial quando o recorte s\u00e3o os anos iniciais do fundamental (do 1\u00ba ao 5\u00ba ano). Nesses anos escolares, o pa\u00eds est\u00e1 conseguindo atingir a meta de seis pontos \u2013 valor que tem como refer\u00eancia o desempenho de [&hellip;]<\/p>\n","protected":false},"author":2,"featured_media":328321,"comment_status":"closed","ping_status":"closed","sticky":false,"template":"","format":"standard","meta":{"_acf_changed":false,"footnotes":""},"categories":[161],"tags":[],"class_list":["post-334642","post","type-post","status-publish","format-standard","has-post-thumbnail","hentry","category-quadradinho-em-foco"],"acf":[],"_links":{"self":[{"href":"https:\/\/www.notibras.com\/site\/wp-json\/wp\/v2\/posts\/334642","targetHints":{"allow":["GET"]}}],"collection":[{"href":"https:\/\/www.notibras.com\/site\/wp-json\/wp\/v2\/posts"}],"about":[{"href":"https:\/\/www.notibras.com\/site\/wp-json\/wp\/v2\/types\/post"}],"author":[{"embeddable":true,"href":"https:\/\/www.notibras.com\/site\/wp-json\/wp\/v2\/users\/2"}],"replies":[{"embeddable":true,"href":"https:\/\/www.notibras.com\/site\/wp-json\/wp\/v2\/comments?post=334642"}],"version-history":[{"count":1,"href":"https:\/\/www.notibras.com\/site\/wp-json\/wp\/v2\/posts\/334642\/revisions"}],"predecessor-version":[{"id":334643,"href":"https:\/\/www.notibras.com\/site\/wp-json\/wp\/v2\/posts\/334642\/revisions\/334643"}],"wp:featuredmedia":[{"embeddable":true,"href":"https:\/\/www.notibras.com\/site\/wp-json\/wp\/v2\/media\/328321"}],"wp:attachment":[{"href":"https:\/\/www.notibras.com\/site\/wp-json\/wp\/v2\/media?parent=334642"}],"wp:term":[{"taxonomy":"category","embeddable":true,"href":"https:\/\/www.notibras.com\/site\/wp-json\/wp\/v2\/categories?post=334642"},{"taxonomy":"post_tag","embeddable":true,"href":"https:\/\/www.notibras.com\/site\/wp-json\/wp\/v2\/tags?post=334642"}],"curies":[{"name":"wp","href":"https:\/\/api.w.org\/{rel}","templated":true}]}}