{"id":334683,"date":"2024-08-16T01:32:22","date_gmt":"2024-08-16T04:32:22","guid":{"rendered":"https:\/\/www.notibras.com\/site\/?p=334683"},"modified":"2024-08-16T01:32:29","modified_gmt":"2024-08-16T04:32:29","slug":"capitais-terao-temperaturas-medias-abaixo-do-normal","status":"publish","type":"post","link":"https:\/\/www.notibras.com\/site\/capitais-terao-temperaturas-medias-abaixo-do-normal\/","title":{"rendered":"Capitais ter\u00e3o temperaturas m\u00e9dias abaixo do normal"},"content":{"rendered":"<p>Enquanto as regi\u00f5es Sul, Sudeste, Centro-Oeste e Norte ter\u00e3o um per\u00edodo de calor a partir desta sexta, 16, se estendendo pelos pr\u00f3ximos oito dias, o mesmo n\u00e3o pode ser dito para o Nordeste. Nas capitais nordestinas, haver\u00e1 um quadro inverso, com as temperaturas m\u00ednima e m\u00e1xima ficando abaixo da m\u00e9dia dos \u00faltimos anos.<\/p>\n<p>As informa\u00e7\u00f5es, segundo o Inmetro (Instituto Nacional de Meteorologia) indicam que Teresina enfrentar\u00e1 as maiores diferen\u00e7as, com picos de at\u00e9 34 graus no in\u00edcio da tarde e queda brusca para 19 graus no per\u00edodo noturno e de madrugada. Pancadas de chuvas tamb\u00e9m ser\u00e3o notadas at\u00e9 o fim de agosto.<\/p>\n<p>A tend\u00eancia para as demais cidades, ainda de acordo com o Inmetro, s\u00e3o as seguintes (m\u00e1xima e m\u00ednima): Aracaju 29\u00ba e 23\u00ba, Fortaleza 31\u00ba e 20\u00ba, Jo\u00e3o Pessoa 29\u00ba e 22\u00ba, o mesmo se repetindo em Macei\u00f3. J\u00e1 em Natal a oscila\u00e7\u00e3o ser\u00e1 entre 29 e 20 graus, com Recife variando de 29\u00ba a 22\u00ba e Salvador 28 e 22 graus. Outra cidade onde a queda ser\u00e1 busca, ser\u00e1 em S\u00e3o Lu\u00eds, com m\u00e1xima de 31\u00ba e m\u00ednima de 23\u00ba.<\/p>\n","protected":false},"excerpt":{"rendered":"<p>Enquanto as regi\u00f5es Sul, Sudeste, Centro-Oeste e Norte ter\u00e3o um per\u00edodo de calor a partir desta sexta, 16, se estendendo pelos pr\u00f3ximos oito dias, o mesmo n\u00e3o pode ser dito para o Nordeste. Nas capitais nordestinas, haver\u00e1 um quadro inverso, com as temperaturas m\u00ednima e m\u00e1xima ficando abaixo da m\u00e9dia dos \u00faltimos anos. As informa\u00e7\u00f5es, [&hellip;]<\/p>\n","protected":false},"author":2,"featured_media":153007,"comment_status":"closed","ping_status":"closed","sticky":false,"template":"","format":"standard","meta":{"_acf_changed":false,"footnotes":""},"categories":[165],"tags":[],"class_list":["post-334683","post","type-post","status-publish","format-standard","has-post-thumbnail","hentry","category-nordeste"],"acf":[],"_links":{"self":[{"href":"https:\/\/www.notibras.com\/site\/wp-json\/wp\/v2\/posts\/334683","targetHints":{"allow":["GET"]}}],"collection":[{"href":"https:\/\/www.notibras.com\/site\/wp-json\/wp\/v2\/posts"}],"about":[{"href":"https:\/\/www.notibras.com\/site\/wp-json\/wp\/v2\/types\/post"}],"author":[{"embeddable":true,"href":"https:\/\/www.notibras.com\/site\/wp-json\/wp\/v2\/users\/2"}],"replies":[{"embeddable":true,"href":"https:\/\/www.notibras.com\/site\/wp-json\/wp\/v2\/comments?post=334683"}],"version-history":[{"count":1,"href":"https:\/\/www.notibras.com\/site\/wp-json\/wp\/v2\/posts\/334683\/revisions"}],"predecessor-version":[{"id":334684,"href":"https:\/\/www.notibras.com\/site\/wp-json\/wp\/v2\/posts\/334683\/revisions\/334684"}],"wp:featuredmedia":[{"embeddable":true,"href":"https:\/\/www.notibras.com\/site\/wp-json\/wp\/v2\/media\/153007"}],"wp:attachment":[{"href":"https:\/\/www.notibras.com\/site\/wp-json\/wp\/v2\/media?parent=334683"}],"wp:term":[{"taxonomy":"category","embeddable":true,"href":"https:\/\/www.notibras.com\/site\/wp-json\/wp\/v2\/categories?post=334683"},{"taxonomy":"post_tag","embeddable":true,"href":"https:\/\/www.notibras.com\/site\/wp-json\/wp\/v2\/tags?post=334683"}],"curies":[{"name":"wp","href":"https:\/\/api.w.org\/{rel}","templated":true}]}}