{"id":334688,"date":"2024-08-16T00:42:26","date_gmt":"2024-08-16T03:42:26","guid":{"rendered":"https:\/\/www.notibras.com\/site\/?p=334688"},"modified":"2024-08-16T01:44:30","modified_gmt":"2024-08-16T04:44:30","slug":"fundo-de-financiamento-do-nordeste-tera-2-bilhoes-a-mais","status":"publish","type":"post","link":"https:\/\/www.notibras.com\/site\/fundo-de-financiamento-do-nordeste-tera-2-bilhoes-a-mais\/","title":{"rendered":"Fundo de Financiamento do Nordeste ter\u00e1 2 bilh\u00f5es a mais"},"content":{"rendered":"<p>O Conselho Deliberativo da Superintend\u00eancia do Desenvolvimento do Nordeste (Sudene) aprovou, no Recife, a reprograma\u00e7\u00e3o do Fundo Constitucional de Financiamento do Nordeste (FNE), com um adicional de R$ 2 bilh\u00f5es no or\u00e7amento deste ano. Com isso, a disponibilidade de recursos para a \u00e1rea de atua\u00e7\u00e3o da Sudene passou para R$ 39,88 bilh\u00f5es, com uma nova distribui\u00e7\u00e3o por porte, setores, estados, atividades priorit\u00e1rias e programas de cr\u00e9dito.<\/p>\n<p>Ser\u00e3o destinados 30% da cota do FNE referentes \u00e0 infraestrutura para apoiar projetos definidos como priorit\u00e1rios pelos estados e munic\u00edpios da \u00e1rea de abrang\u00eancia da Sudene, com repasse de verbas viabilizado por meio de parcerias p\u00fablico privadas e concess\u00f5es. Esse ajuste \u00e9 exclusivo para o setor de infraestrutura, contemplado com 30% do or\u00e7amento anual do Fundo Constitucional.<\/p>\n<p><strong>Prioridades<\/strong><br \/>\nA reuni\u00e3o do Conselho Deliberativo tamb\u00e9m aprovou as diretrizes e prioridades do FNE para 2025, levando em considera\u00e7\u00e3o pol\u00edticas setoriais recentes como a Nova Ind\u00fastria Brasil, o Programa de Acelera\u00e7\u00e3o do Crescimento (PAC) e o Plano de Transi\u00e7\u00e3o Ecol\u00f3gica. Tamb\u00e9m ser\u00e3o consideradas as avalia\u00e7\u00f5es sobre os impactos econ\u00f4micos e sociais decorrentes da aplica\u00e7\u00e3o dos recursos do FNE entre 2000 a 2018, com an\u00e1lise da efici\u00eancia, efic\u00e1cia, efetividade e retorno econ\u00f4mico e social do Fundo Constitucional neste per\u00edodo.<\/p>\n<p>A \u00e1rea de atua\u00e7\u00e3o da Sudene \u00e9 composta por todos os estados da regi\u00e3o Nordeste, al\u00e9m de 249 munic\u00edpios dos estados de Minas Gerais e 31 munic\u00edpios do Esp\u00edrito Santo.<\/p>\n","protected":false},"excerpt":{"rendered":"<p>O Conselho Deliberativo da Superintend\u00eancia do Desenvolvimento do Nordeste (Sudene) aprovou, no Recife, a reprograma\u00e7\u00e3o do Fundo Constitucional de Financiamento do Nordeste (FNE), com um adicional de R$ 2 bilh\u00f5es no or\u00e7amento deste ano. Com isso, a disponibilidade de recursos para a \u00e1rea de atua\u00e7\u00e3o da Sudene passou para R$ 39,88 bilh\u00f5es, com uma nova [&hellip;]<\/p>\n","protected":false},"author":2,"featured_media":311021,"comment_status":"closed","ping_status":"closed","sticky":false,"template":"","format":"standard","meta":{"_acf_changed":false,"footnotes":""},"categories":[165],"tags":[],"class_list":["post-334688","post","type-post","status-publish","format-standard","has-post-thumbnail","hentry","category-nordeste"],"acf":[],"_links":{"self":[{"href":"https:\/\/www.notibras.com\/site\/wp-json\/wp\/v2\/posts\/334688","targetHints":{"allow":["GET"]}}],"collection":[{"href":"https:\/\/www.notibras.com\/site\/wp-json\/wp\/v2\/posts"}],"about":[{"href":"https:\/\/www.notibras.com\/site\/wp-json\/wp\/v2\/types\/post"}],"author":[{"embeddable":true,"href":"https:\/\/www.notibras.com\/site\/wp-json\/wp\/v2\/users\/2"}],"replies":[{"embeddable":true,"href":"https:\/\/www.notibras.com\/site\/wp-json\/wp\/v2\/comments?post=334688"}],"version-history":[{"count":1,"href":"https:\/\/www.notibras.com\/site\/wp-json\/wp\/v2\/posts\/334688\/revisions"}],"predecessor-version":[{"id":334689,"href":"https:\/\/www.notibras.com\/site\/wp-json\/wp\/v2\/posts\/334688\/revisions\/334689"}],"wp:featuredmedia":[{"embeddable":true,"href":"https:\/\/www.notibras.com\/site\/wp-json\/wp\/v2\/media\/311021"}],"wp:attachment":[{"href":"https:\/\/www.notibras.com\/site\/wp-json\/wp\/v2\/media?parent=334688"}],"wp:term":[{"taxonomy":"category","embeddable":true,"href":"https:\/\/www.notibras.com\/site\/wp-json\/wp\/v2\/categories?post=334688"},{"taxonomy":"post_tag","embeddable":true,"href":"https:\/\/www.notibras.com\/site\/wp-json\/wp\/v2\/tags?post=334688"}],"curies":[{"name":"wp","href":"https:\/\/api.w.org\/{rel}","templated":true}]}}