{"id":334704,"date":"2024-08-16T00:16:16","date_gmt":"2024-08-16T03:16:16","guid":{"rendered":"https:\/\/www.notibras.com\/site\/?p=334704"},"modified":"2024-08-16T02:18:05","modified_gmt":"2024-08-16T05:18:05","slug":"lei-obriga-indicacao-de-velocidade-da-internet-na-fatura","status":"publish","type":"post","link":"https:\/\/www.notibras.com\/site\/lei-obriga-indicacao-de-velocidade-da-internet-na-fatura\/","title":{"rendered":"Lei obriga indica\u00e7\u00e3o de velocidade da internet na fatura"},"content":{"rendered":"<p>O Supremo Tribunal Federal (STF) decidiu validar a lei de Mato Grosso do Sul (MS) que obriga as operadoras de telefonia do estado a fornecer informa\u00e7\u00f5es sobre a entrega di\u00e1ria da velocidade da internet.<\/p>\n<p>A determina\u00e7\u00e3o est\u00e1 prevista na Lei Estadual 5.885\/2022 e foi contestada no STF pela Associa\u00e7\u00e3o Brasileira de Provedores de Internet e Telecomunica\u00e7\u00f5es (Abrint). A norma prev\u00ea que as prestadoras de servi\u00e7os de internet devem indicar a entrega di\u00e1ria de velocidade de recebimento e envio de dados na fatura p\u00f3s-paga mensal.<\/p>\n<p>Para a entidade, a lei \u00e9 inconstitucional e viola os princ\u00edpios constitucionais da livre iniciativa e interfere nas rela\u00e7\u00f5es contratuais entre particulares.<\/p>\n<p>&#8220;Todos os servi\u00e7os (TV por assinatura, telefonia, internet e assemelhados) se afiguram como esp\u00e9cie de servi\u00e7os de telecomunica\u00e7\u00f5es, cuja compet\u00eancia privativa para legislar \u00e9 da Uni\u00e3o&#8221;, afirmou a associa\u00e7\u00e3o.<\/p>\n<p><strong>Constitucionalidade<\/strong><br \/>\nPor 8 votos a 3, a constitucionalidade da lei foi decidida com base no voto do relator, ministro Alexandre de Moraes.<\/p>\n<p>Para ele, o C\u00f3digo de Defesa do Consumidor (CDC), norma federal, determina que as empresas devem fornecer informa\u00e7\u00f5es claras sobre os produtos e servi\u00e7os.<\/p>\n<p>&#8220;\u00c9 direito do consumidor, genericamente previsto no CDC, e foi estabelecido de maneira espec\u00edfica pela lei de Mato Grosso&#8221;, afirmou.<\/p>\n<p>Durante a tramita\u00e7\u00e3o do processo, a Procuradoria-Geral da Rep\u00fablica (PGR) tamb\u00e9m se manifestou contra a a\u00e7\u00e3o.<\/p>\n<p>&#8220;Verifica-se que n\u00e3o h\u00e1 nenhuma inconstitucionalidade formal da Lei 5.885\/2022 do estado de Mato Grosso do Sul, sobretudo porque a legisla\u00e7\u00e3o federal de reg\u00eancia e a sua regulamenta\u00e7\u00e3o n\u00e3o impedem, ou restringem, o fornecimento mensal de informes que demonstrem o registro m\u00e9dio di\u00e1rio da velocidade da internet&#8221;, opinou a procuradoria.<\/p>\n","protected":false},"excerpt":{"rendered":"<p>O Supremo Tribunal Federal (STF) decidiu validar a lei de Mato Grosso do Sul (MS) que obriga as operadoras de telefonia do estado a fornecer informa\u00e7\u00f5es sobre a entrega di\u00e1ria da velocidade da internet. A determina\u00e7\u00e3o est\u00e1 prevista na Lei Estadual 5.885\/2022 e foi contestada no STF pela Associa\u00e7\u00e3o Brasileira de Provedores de Internet e [&hellip;]<\/p>\n","protected":false},"author":2,"featured_media":334705,"comment_status":"closed","ping_status":"closed","sticky":false,"template":"","format":"standard","meta":{"_acf_changed":false,"footnotes":""},"categories":[161],"tags":[],"class_list":["post-334704","post","type-post","status-publish","format-standard","has-post-thumbnail","hentry","category-quadradinho-em-foco"],"acf":[],"_links":{"self":[{"href":"https:\/\/www.notibras.com\/site\/wp-json\/wp\/v2\/posts\/334704","targetHints":{"allow":["GET"]}}],"collection":[{"href":"https:\/\/www.notibras.com\/site\/wp-json\/wp\/v2\/posts"}],"about":[{"href":"https:\/\/www.notibras.com\/site\/wp-json\/wp\/v2\/types\/post"}],"author":[{"embeddable":true,"href":"https:\/\/www.notibras.com\/site\/wp-json\/wp\/v2\/users\/2"}],"replies":[{"embeddable":true,"href":"https:\/\/www.notibras.com\/site\/wp-json\/wp\/v2\/comments?post=334704"}],"version-history":[{"count":1,"href":"https:\/\/www.notibras.com\/site\/wp-json\/wp\/v2\/posts\/334704\/revisions"}],"predecessor-version":[{"id":334706,"href":"https:\/\/www.notibras.com\/site\/wp-json\/wp\/v2\/posts\/334704\/revisions\/334706"}],"wp:featuredmedia":[{"embeddable":true,"href":"https:\/\/www.notibras.com\/site\/wp-json\/wp\/v2\/media\/334705"}],"wp:attachment":[{"href":"https:\/\/www.notibras.com\/site\/wp-json\/wp\/v2\/media?parent=334704"}],"wp:term":[{"taxonomy":"category","embeddable":true,"href":"https:\/\/www.notibras.com\/site\/wp-json\/wp\/v2\/categories?post=334704"},{"taxonomy":"post_tag","embeddable":true,"href":"https:\/\/www.notibras.com\/site\/wp-json\/wp\/v2\/tags?post=334704"}],"curies":[{"name":"wp","href":"https:\/\/api.w.org\/{rel}","templated":true}]}}