{"id":334723,"date":"2024-08-16T11:18:43","date_gmt":"2024-08-16T14:18:43","guid":{"rendered":"https:\/\/www.notibras.com\/site\/?p=334723"},"modified":"2024-08-16T11:19:40","modified_gmt":"2024-08-16T14:19:40","slug":"familia-canta-martinho-pois-a-doutora-laura-chegou","status":"publish","type":"post","link":"https:\/\/www.notibras.com\/site\/familia-canta-martinho-pois-a-doutora-laura-chegou\/","title":{"rendered":"Fam\u00edlia canta Martinho, pois a doutora Laura chegou"},"content":{"rendered":"<p>Laura Furtado sempre teve o costume de caminhar pelas ruas ensolaradas do condom\u00ednio em que foi criada, l\u00e1 pelos lados do Colorado. Fones nos ouvidos, entoava baixo o sonho do canudo de papel, na voz suave de Martinho da Vila. A m\u00fasica marcava o ritmo dos passos firmes que lhe abririam caminho para receber seu diploma vestindo uma beca vistosa.<\/p>\n<p>As melodias suaves e as letras cheias de sabedoria foram trilhas sonoras de tantas jornadas, seja nas tardes pregui\u00e7osas ou nas manh\u00e3s cheias de promessas. O caminho foi \u00e1rduo, mas ela chegou ao seu destino.<\/p>\n<p>Hoje o percurso tra\u00e7ado por Laura carrega um novo significado. Em vez de apenas seguir em frente, como sempre fez, agora ela caminha com passos entrela\u00e7ados com algo ainda maior: seu diploma de psic\u00f3loga.<\/p>\n<p>Nas \u00faltimas quarenta e oito horas o ar parece diferente, carregado com a sensa\u00e7\u00e3o de realiza\u00e7\u00e3o e de um futuro brilhante. Martinho da Vila, como de costume, continua presente em sua playlist. As can\u00e7\u00f5es de amor, de samba e de vida ganham novo tom mais colorido, ressoando em sintonia com a nova fase que Laura est\u00e1 iniciando.<\/p>\n<p>As li\u00e7\u00f5es de Martinho, que tantas vezes acalmaram seu cora\u00e7\u00e3o nas dificuldades, agora s\u00e3o fontes de inspira\u00e7\u00e3o para o que est\u00e1 por vir. &#8220;Canta, canta, minha gente, deixa a tristeza pra l\u00e1&#8221;. \u00c9 Laura, a caminho da sua cl\u00ednica de psicologia.<\/p>\n<p>Cada passo que a agora doutora deu foi um reflexo dos desafios que superou, das inseguran\u00e7as que deixou para tr\u00e1s, e da certeza de que, assim como nas m\u00fasicas que a acompanharam por tanto tempo, ela continuaria dan\u00e7ando pela vida, desta vez ajudando outros a encontrarem seu pr\u00f3prio ritmo. Afinal, como Martinho cantava, &#8220;a vida \u00e9 pra se viver, e viver \u00e9 pra aprender.&#8221;<\/p>\n<p>Lala, Laurinha, Laura Furtado virou doutora. Ela tem o dom e as caracter\u00edsticas para criar um ambiente terap\u00eautico seguro e eficaz, onde o paciente se sente acolhido e encorajado a explorar e enfrentar seus problemas.<\/p>\n<p>Mesmo distante geograficamente de Bras\u00edlia, continuarei a acompanhar seus passos. Laura Furtado inicia sua carreira como uma profissional que possui um conjunto de compet\u00eancias t\u00e9cnicas e pessoais essenciais para ajudar seus pacientes a enfrentarem desafios emocionais, comportamentais e mentais.<\/p>\n<p>Laura tem escrito na testa empatia. \u00c9 a capacidade de se colocar no lugar do paciente, compreendendo seus sentimentos e perspectivas sem julg\u00e1-los. Sua habilidade de ouvir ativamente e expressar-se de forma clara e compreens\u00edvel, facilitando o entendimento e a conex\u00e3o com o paciente, \u00e9 outro ponto alto.<\/p>\n<p>A mais nova psic\u00f3loga da fam\u00edlia tem na confidencialidade um compromisso rigoroso com a privacidade do paciente, garantindo que tudo o que \u00e9 discutido em sess\u00e3o permane\u00e7a confidencial. A isso, ela alia seu conhecimento, dominando teorias, t\u00e9cnicas e m\u00e9todos psicol\u00f3gicos atualizados, aplicados de forma adequada \u00e0s necessidades individuais dos clientes.<\/p>\n<p>Sobre Laura pode-se dizer tamb\u00e9m da sua habilidade para identificar padr\u00f5es de comportamento, pensamentos e emo\u00e7\u00f5es que podem estar contribuindo para os problemas do paciente; do respeito \u00e0 diversidade, reconhecendo e respeitando as diferen\u00e7as culturais, sociais, religiosas, e de orienta\u00e7\u00e3o sexual, abordando suas quest\u00f5es sem preconceitos.<\/p>\n<p>Como a conhe\u00e7o desde o ber\u00e7o, sei da sua paci\u00eancia e disposi\u00e7\u00e3o para acompanhar o paciente no seu pr\u00f3prio ritmo, compreendendo que o processo terap\u00eautico pode levar tempo. E isso tudo com \u00e9tica profissional, aplicando o compromisso com os princ\u00edpios \u00e9ticos da psicologia, agindo sempre de maneira justa, honesta e no melhor interesse do paciente.<\/p>\n<p>Com uma bagagem montada em diferentes pontos de Bras\u00edlia, e at\u00e9 mesmo em Foz do Igua\u00e7u, Laura tem flexibilidade e capacidade de adaptar abordagens terap\u00eauticas para melhor atender \u00e0s necessidades espec\u00edficas de cada um que se sente em seu div\u00e3. Ali, com certeza, haver\u00e1 apoio cont\u00ednuo, com ela se disponibilizando para oferecer suporte emocional, ajudando o paciente a desenvolver habilidades para enfrentar dificuldades no dia a dia.<\/p>\n<p>Para os de fora, Laura Furtado \u00e9 doutora. Para J\u00fanior, Nanda, Bia e Paulinha &#8211; pais e irm\u00e3s -, \u00e9 Lala. Para a av\u00f3 Nem, sin\u00f4nimo de orgulho. Talvez alguns tios e primos encontrem dificuldades em agendar uma consulta. \u00c9 que muitos deles costumam cantar outro sucesso de Martinho. Aquele que fala sobre mulheres.<\/p>\n","protected":false},"excerpt":{"rendered":"<p>Laura Furtado sempre teve o costume de caminhar pelas ruas ensolaradas do condom\u00ednio em que foi criada, l\u00e1 pelos lados do Colorado. Fones nos ouvidos, entoava baixo o sonho do canudo de papel, na voz suave de Martinho da Vila. A m\u00fasica marcava o ritmo dos passos firmes que lhe abririam caminho para receber seu [&hellip;]<\/p>\n","protected":false},"author":2,"featured_media":334724,"comment_status":"closed","ping_status":"closed","sticky":false,"template":"","format":"standard","meta":{"_acf_changed":false,"footnotes":""},"categories":[161],"tags":[],"class_list":["post-334723","post","type-post","status-publish","format-standard","has-post-thumbnail","hentry","category-quadradinho-em-foco"],"acf":[],"_links":{"self":[{"href":"https:\/\/www.notibras.com\/site\/wp-json\/wp\/v2\/posts\/334723","targetHints":{"allow":["GET"]}}],"collection":[{"href":"https:\/\/www.notibras.com\/site\/wp-json\/wp\/v2\/posts"}],"about":[{"href":"https:\/\/www.notibras.com\/site\/wp-json\/wp\/v2\/types\/post"}],"author":[{"embeddable":true,"href":"https:\/\/www.notibras.com\/site\/wp-json\/wp\/v2\/users\/2"}],"replies":[{"embeddable":true,"href":"https:\/\/www.notibras.com\/site\/wp-json\/wp\/v2\/comments?post=334723"}],"version-history":[{"count":2,"href":"https:\/\/www.notibras.com\/site\/wp-json\/wp\/v2\/posts\/334723\/revisions"}],"predecessor-version":[{"id":334726,"href":"https:\/\/www.notibras.com\/site\/wp-json\/wp\/v2\/posts\/334723\/revisions\/334726"}],"wp:featuredmedia":[{"embeddable":true,"href":"https:\/\/www.notibras.com\/site\/wp-json\/wp\/v2\/media\/334724"}],"wp:attachment":[{"href":"https:\/\/www.notibras.com\/site\/wp-json\/wp\/v2\/media?parent=334723"}],"wp:term":[{"taxonomy":"category","embeddable":true,"href":"https:\/\/www.notibras.com\/site\/wp-json\/wp\/v2\/categories?post=334723"},{"taxonomy":"post_tag","embeddable":true,"href":"https:\/\/www.notibras.com\/site\/wp-json\/wp\/v2\/tags?post=334723"}],"curies":[{"name":"wp","href":"https:\/\/api.w.org\/{rel}","templated":true}]}}