{"id":334773,"date":"2024-08-17T00:00:14","date_gmt":"2024-08-17T03:00:14","guid":{"rendered":"https:\/\/www.notibras.com\/site\/?p=334773"},"modified":"2024-08-17T03:41:08","modified_gmt":"2024-08-17T06:41:08","slug":"saude-presta-contas-a-vereadores-do-primeiro-quadrimestre","status":"publish","type":"post","link":"https:\/\/www.notibras.com\/site\/saude-presta-contas-a-vereadores-do-primeiro-quadrimestre\/","title":{"rendered":"Sa\u00fade presta contas a vereadores do primeiro quadrimestre"},"content":{"rendered":"<p>O secret\u00e1rio de Sa\u00fade compareceu \u00e0 C\u00e2mara Municipal de Jo\u00e3o Pessoa para prestar contas dos investimentos da pasta no primeiro quadrimestre deste ano (janeiro a abril). A audi\u00eancia p\u00fablica atende a uma determina\u00e7\u00e3o legal (art. 36 a 41, da Lei Complementar Federal 141\/2012) que prev\u00ea que o gestor do Sistema \u00danico de Sa\u00fade (SUS) deve apresentar ao Legislativo relat\u00f3rio referente ao quadrimestre anterior, indicando o montante e fonte dos recursos aplicados no per\u00edodo, as auditorias realizadas ou em fase de execu\u00e7\u00e3o, e a oferta e produ\u00e7\u00e3o de servi\u00e7os p\u00fablicos na rede assistencial pr\u00f3pria, contratada e conveniada.<\/p>\n<p>Lu\u00eds Ferreira Filho informou que foram investidos R$ 182.806.550, 89 milh\u00f5es entre os meses de janeiro e abril de 2024, o que corresponde a 20,6% da receita total do munic\u00edpio no per\u00edodo, percentual que ultrapassa o m\u00ednimo de 15% previsto por lei. O secret\u00e1rio destacou que a Aten\u00e7\u00e3o Prim\u00e1ria em Sa\u00fade e a Aten\u00e7\u00e3o Especializada re\u00fanem 286 equipamentos hospitalares. Dentro da Aten\u00e7\u00e3o Prim\u00e1ria, ele ressaltou que a Gest\u00e3o Municipal tem um programa cont\u00ednuo de reformas e moderniza\u00e7\u00e3o. &#8220;Mais de 40 unidades b\u00e1sicas foram reformadas, duas constru\u00eddas e mais oito em constru\u00e7\u00e3o&#8221;, informou.<\/p>\n<p><strong>\u00c1rea hospitalar<\/strong><br \/>\nLu\u00eds Ferreira destacou que o Complexo Hospitalar Tarc\u00edsio de Miranda Burity, o Trauminha, passou por reformas estruturais, ganhando um novo centro de imagens, nova \u00e1rea vermelha, nova emerg\u00eancia, um novo Pronto Atendimento em Sa\u00fade Mental (Pasm), nova Unidade de Tratamento Intensivo (UTI), novo refeit\u00f3rio, al\u00e9m da climatiza\u00e7\u00e3o das enfermarias.<\/p>\n<p>Com rela\u00e7\u00e3o ao Hospital Santa Izabel, o secret\u00e1rio destacou que o equipamento hospitalar de alta complexidade triplicou a quantidade de cirurgias realizadas por dia, al\u00e9m de ter implantado leitos novos e climatizados. Ele ressaltou o programa de cirurgias bari\u00e1tricas, que atendeu a mais de 100 pessoas com a realiza\u00e7\u00e3o do procedimento; e o servi\u00e7o de hemodin\u00e2mica, que, segundo o secret\u00e1rio, j\u00e1 salvou mais de tr\u00eas mil pessoas.<\/p>\n<p>Sobre o Hospital Pedi\u00e1trico do Valentina, Lu\u00eds Ferreira afirmou que a capacidade do equipamento foi aumentada, com um bloco cir\u00fargico novo e um processo de organiza\u00e7\u00e3o refinado. No Instituto C\u00e2ndida Vargas, o secret\u00e1rio destacou cinco salas reestruturadas e o investimento em equipamentos de \u00faltima gera\u00e7\u00e3o.<\/p>\n<p>Lu\u00eds Ferreira destacou que o Munic\u00edpio financia as duas principais institui\u00e7\u00f5es de tratamento de c\u00e2ncer: o Hospital Napole\u00e3o Laureano e o S\u00e3o Vicente de Paulo. Ele explicou que 50% das despesas para tratamento de um paciente com c\u00e2ncer s\u00e3o custeados pelo Minist\u00e9rio da Sa\u00fade e os outros 50% pelo tesouro municipal. &#8220;S\u00e3o 40 milh\u00f5es do tesouro municipal investidos na oncologia pela Prefeitura&#8221;, afirmou.<\/p>\n<p><strong>Rede pr\u00e9-hospitalar e de urg\u00eancia<\/strong><br \/>\nSegundo o secret\u00e1rio, a rede pr\u00e9-hospitalar, que s\u00e3o as quatro Unidades de Pronto Atendimento (UPA) da cidade, que deveriam ter tr\u00eas m\u00e9dicos a cada 12h, possuem oito m\u00e9dicos de plant\u00e3o, sendo seis cl\u00ednicos e dois pediatras. J\u00e1 o servi\u00e7o de urg\u00eancia m\u00f3vel conta com 14 ambul\u00e2ncias, al\u00e9m de reserva t\u00e9cnica, bem como sete motol\u00e2ncias com equipamentos de seguran\u00e7a espec\u00edficos para o servidor que for pilot\u00e1-las.<\/p>\n","protected":false},"excerpt":{"rendered":"<p>O secret\u00e1rio de Sa\u00fade compareceu \u00e0 C\u00e2mara Municipal de Jo\u00e3o Pessoa para prestar contas dos investimentos da pasta no primeiro quadrimestre deste ano (janeiro a abril). A audi\u00eancia p\u00fablica atende a uma determina\u00e7\u00e3o legal (art. 36 a 41, da Lei Complementar Federal 141\/2012) que prev\u00ea que o gestor do Sistema \u00danico de Sa\u00fade (SUS) deve [&hellip;]<\/p>\n","protected":false},"author":2,"featured_media":334774,"comment_status":"closed","ping_status":"closed","sticky":false,"template":"","format":"standard","meta":{"_acf_changed":false,"footnotes":""},"categories":[165],"tags":[],"class_list":["post-334773","post","type-post","status-publish","format-standard","has-post-thumbnail","hentry","category-nordeste"],"acf":[],"_links":{"self":[{"href":"https:\/\/www.notibras.com\/site\/wp-json\/wp\/v2\/posts\/334773","targetHints":{"allow":["GET"]}}],"collection":[{"href":"https:\/\/www.notibras.com\/site\/wp-json\/wp\/v2\/posts"}],"about":[{"href":"https:\/\/www.notibras.com\/site\/wp-json\/wp\/v2\/types\/post"}],"author":[{"embeddable":true,"href":"https:\/\/www.notibras.com\/site\/wp-json\/wp\/v2\/users\/2"}],"replies":[{"embeddable":true,"href":"https:\/\/www.notibras.com\/site\/wp-json\/wp\/v2\/comments?post=334773"}],"version-history":[{"count":1,"href":"https:\/\/www.notibras.com\/site\/wp-json\/wp\/v2\/posts\/334773\/revisions"}],"predecessor-version":[{"id":334775,"href":"https:\/\/www.notibras.com\/site\/wp-json\/wp\/v2\/posts\/334773\/revisions\/334775"}],"wp:featuredmedia":[{"embeddable":true,"href":"https:\/\/www.notibras.com\/site\/wp-json\/wp\/v2\/media\/334774"}],"wp:attachment":[{"href":"https:\/\/www.notibras.com\/site\/wp-json\/wp\/v2\/media?parent=334773"}],"wp:term":[{"taxonomy":"category","embeddable":true,"href":"https:\/\/www.notibras.com\/site\/wp-json\/wp\/v2\/categories?post=334773"},{"taxonomy":"post_tag","embeddable":true,"href":"https:\/\/www.notibras.com\/site\/wp-json\/wp\/v2\/tags?post=334773"}],"curies":[{"name":"wp","href":"https:\/\/api.w.org\/{rel}","templated":true}]}}