{"id":334776,"date":"2024-08-17T00:01:48","date_gmt":"2024-08-17T03:01:48","guid":{"rendered":"https:\/\/www.notibras.com\/site\/?p=334776"},"modified":"2024-08-17T03:57:54","modified_gmt":"2024-08-17T06:57:54","slug":"livro-da-unesp-traz-comparacoes-entre-texto-e-pintura","status":"publish","type":"post","link":"https:\/\/www.notibras.com\/site\/livro-da-unesp-traz-comparacoes-entre-texto-e-pintura\/","title":{"rendered":"Livro da Unesp traz compara\u00e7\u00f5es entre texto e pintura"},"content":{"rendered":"<p>O livre-docente em Teoria Liter\u00e1ria e professor associado s\u00eanior da Universidade Estadual Paulista (Unesp) Aguinaldo Gon\u00e7alves apresenta, em Transi\u00e7\u00e3o e perman\u00eancia: Mir\u00f3\/Jo\u00e3o Cabral \u2013 da tela ao texto, uma an\u00e1lise detalhada do sistema po\u00e9tico do pernambucano Jo\u00e3o Cabral de Melo Neto.<\/p>\n<p>A partir do exame da macroestrutura e dos procedimentos de linguagem nos poemas de A educa\u00e7\u00e3o pela pedra, bem como das observa\u00e7\u00f5es sobre a po\u00e9tica pict\u00f3rica do pintor espanhol Joan Mir\u00f3, ele estabelece o que chama de &#8220;homologia estrutural&#8221; entre as linguagens po\u00e9tica e pict\u00f3rica.<\/p>\n<p>Ao longo dessas leituras, Aguinaldo Gon\u00e7alves destaca momentos de converg\u00eancia em que o verbal e o visual formam uma intrincada rede de an\u00e1lises. O livro ganha segunda edi\u00e7\u00e3o revisada publicada pela Editora Unesp.<\/p>\n<p>O cr\u00edtico liter\u00e1rio Antonio Candido classificou este livro como fascinante: \u201cApreciei nele a imagina\u00e7\u00e3o criativa com que foi escolhido o assunto e a maestria t\u00e9cnica com que foi conduzida a reda\u00e7\u00e3o. O assunto \u00e9 dif\u00edcil, e temos visto muita gente boa tentar em v\u00e3o coisa parecida no plano internacional. Refiro-me a estudos sobre poesia e pintura, poesia e m\u00fasica, poesia e poesia, pintura e pintura\u201d, anotou. \u201cO que me impressionou ainda mais foi o jogo paralelo das an\u00e1lises comparativas, isto \u00e9, por exemplo, Hendrick Sorgh e Mir\u00f3, Vin\u00edcius e Jo\u00e3o Cabral, Mir\u00f3 e Jo\u00e3o Cabral.\u201d<\/p>\n<p>As observa\u00e7\u00f5es intertextuais sobre Jo\u00e3o Cabral permitem um salto para a intersemioticidade que envolve Mir\u00f3. Essa compara\u00e7\u00e3o entre as artes prepara a investiga\u00e7\u00e3o da linguagem do poeta, marcada por uma intensa leitura de sua pr\u00f3pria obra (autotextualidade), sem desconsiderar suas rela\u00e7\u00f5es com as artes pl\u00e1sticas. As leituras de Aguinaldo Gon\u00e7alves s\u00e3o momentos de converg\u00eancia em que o verbal e o visual tecem uma rede bem elaborada de anota\u00e7\u00f5es anal\u00edticas.<\/p>\n<p>\u201c\u00c9 preciso ainda mencionar a excelente linguagem do trabalho: bonita, correta, expressiva, usando devidamente o vocabul\u00e1rio t\u00e9cnico da cr\u00edtica moderna sem falso pudor, mas evitando o tecnicismo e o exibicionismo, que frequentemente o acompanham entre os menos avisados\u201d, registra Antonio Candido. \u201cRessalto a felicidade das imagens e das express\u00f5es, que fazem para o trabalho cr\u00edtico a mesma coisa que a lucidez po\u00e9tica de Jo\u00e3o Cabral faz para o poema, segundo o autor, isto \u00e9: ele fala da pedra, e n\u00e3o sobre a pedra. Aguinaldo Gon\u00e7alves tamb\u00e9m quase sempre fala de Jo\u00e3o Cabral e n\u00e3o sobre ele \u2013 porque consegue, gra\u00e7as \u00e0 pertin\u00eancia da linguagem cr\u00edtica, ficar de dentro, em posi\u00e7\u00e3o-chave para perceber os valores profundos da constru\u00e7\u00e3o e das correla\u00e7\u00f5es inspiradoras.\u201d<\/p>\n<p>Sobre o autor \u2013 Aguinaldo Gon\u00e7alves foi livre-docente em Teoria Liter\u00e1ria e professor associado s\u00eanior da Universidade Estadual Paulista (Unesp). Mestre e doutor em Letras pela Universidade de S\u00e3o Paulo (USP), graduado em Letras (Portugu\u00eas-Ingl\u00eas) e Latim pela Faculdade de Filosofia, Ci\u00eancias e Letras de S\u00e3o Jos\u00e9 do Rio Preto (Fafi). Foi poeta, escritor, cr\u00edtico de arte e te\u00f3rico na \u00e1rea da literatura e orientou pesquisas nos n\u00edveis mestrado e doutorado no Programa de P\u00f3s-gradua\u00e7\u00e3o em Letras da Unesp. Publicou em \u00e1reas diversas da literatura, com \u00eanfase na intersemi\u00f3tica, nas rela\u00e7\u00f5es homol\u00f3gicas entre palavra e imagem.<\/p>\n<p><strong>T\u00edtulo: Transi\u00e7\u00e3o e perman\u00eancia: Mir\u00f3\/Jo\u00e3o Cabral<\/strong><br \/>\n<strong>Autor: Aguinaldo Jos\u00e9 Gon\u00e7alves<\/strong><br \/>\n<strong>N\u00famero de p\u00e1ginas: 208 <\/strong><br \/>\n<strong>Formato: 13,7 x 21 cm<\/strong><br \/>\n<strong>Pre\u00e7o: R$ 68<\/strong><\/p>\n","protected":false},"excerpt":{"rendered":"<p>O livre-docente em Teoria Liter\u00e1ria e professor associado s\u00eanior da Universidade Estadual Paulista (Unesp) Aguinaldo Gon\u00e7alves apresenta, em Transi\u00e7\u00e3o e perman\u00eancia: Mir\u00f3\/Jo\u00e3o Cabral \u2013 da tela ao texto, uma an\u00e1lise detalhada do sistema po\u00e9tico do pernambucano Jo\u00e3o Cabral de Melo Neto. A partir do exame da macroestrutura e dos procedimentos de linguagem nos poemas de [&hellip;]<\/p>\n","protected":false},"author":2,"featured_media":334777,"comment_status":"closed","ping_status":"closed","sticky":false,"template":"","format":"standard","meta":{"_acf_changed":false,"footnotes":""},"categories":[165],"tags":[],"class_list":["post-334776","post","type-post","status-publish","format-standard","has-post-thumbnail","hentry","category-nordeste"],"acf":[],"_links":{"self":[{"href":"https:\/\/www.notibras.com\/site\/wp-json\/wp\/v2\/posts\/334776","targetHints":{"allow":["GET"]}}],"collection":[{"href":"https:\/\/www.notibras.com\/site\/wp-json\/wp\/v2\/posts"}],"about":[{"href":"https:\/\/www.notibras.com\/site\/wp-json\/wp\/v2\/types\/post"}],"author":[{"embeddable":true,"href":"https:\/\/www.notibras.com\/site\/wp-json\/wp\/v2\/users\/2"}],"replies":[{"embeddable":true,"href":"https:\/\/www.notibras.com\/site\/wp-json\/wp\/v2\/comments?post=334776"}],"version-history":[{"count":1,"href":"https:\/\/www.notibras.com\/site\/wp-json\/wp\/v2\/posts\/334776\/revisions"}],"predecessor-version":[{"id":334778,"href":"https:\/\/www.notibras.com\/site\/wp-json\/wp\/v2\/posts\/334776\/revisions\/334778"}],"wp:featuredmedia":[{"embeddable":true,"href":"https:\/\/www.notibras.com\/site\/wp-json\/wp\/v2\/media\/334777"}],"wp:attachment":[{"href":"https:\/\/www.notibras.com\/site\/wp-json\/wp\/v2\/media?parent=334776"}],"wp:term":[{"taxonomy":"category","embeddable":true,"href":"https:\/\/www.notibras.com\/site\/wp-json\/wp\/v2\/categories?post=334776"},{"taxonomy":"post_tag","embeddable":true,"href":"https:\/\/www.notibras.com\/site\/wp-json\/wp\/v2\/tags?post=334776"}],"curies":[{"name":"wp","href":"https:\/\/api.w.org\/{rel}","templated":true}]}}