{"id":334830,"date":"2024-08-18T10:46:45","date_gmt":"2024-08-18T13:46:45","guid":{"rendered":"https:\/\/www.notibras.com\/site\/?p=334830"},"modified":"2024-08-18T10:47:47","modified_gmt":"2024-08-18T13:47:47","slug":"na-morte-nao-se-leva-nada-talvez-uma-ampulheta","status":"publish","type":"post","link":"https:\/\/www.notibras.com\/site\/na-morte-nao-se-leva-nada-talvez-uma-ampulheta\/","title":{"rendered":"Na morte n\u00e3o se leva nada (talvez uma ampulheta&#8230;)"},"content":{"rendered":"<p>Era desagrad\u00e1vel por natureza. Alguns n\u00e3o gostavam das gravatas que usava, outros implicavam com o sotaque carregado de erres. No entanto, todos n\u00e3o suportavam o seu modo de dizer as horas.<\/p>\n<p>\u2014 18 menos 5.<\/p>\n<p>Empertigado que nem pav\u00e3o, Aurelino desfilava soberba por onde passava. Ningu\u00e9m se atrevia a dizer coisa que o desabonasse, mesmo que o vaidoso merecesse ser achincalhado. Era homem de posi\u00e7\u00e3o, e prud\u00eancia era necess\u00e1ria para n\u00e3o ser alvo de persegui\u00e7\u00e3o por tolice. Um biltre, \u00e9 verdade. Todavia, biltre com o alforje repleto de poder.<\/p>\n<p>O traste empoderado, al\u00e9m da canalhice e da maneira de dizer as horas, era mais pontual que bexiga de velho durante as madrugadas frias. E ai de quem n\u00e3o estivesse pronto na hora marcada.<\/p>\n<p>\u2014 Seu Jorge, amanh\u00e3 passo aqui \u00e0s 10 menos 15 para que voc\u00ea me apare o bigode.<\/p>\n<p>\u2014 N\u00e3o vai querer cortar o cabelo, doutor?<\/p>\n<p>\u2014 Semana que vem.<\/p>\n<p>O barbeiro, que era bom na tesoura, mas ruim em matem\u00e1tica, se desdobrava para descobrir a que horas o fregu\u00eas iria aparecer. Por sorte, naquele dia, estava por ali o pequeno Juliano, menino afeito a contas.<\/p>\n<p>\u2014 9h45!<\/p>\n<p>\u2014 Tem certeza?<\/p>\n<p>\u2014 Se duvida, por que o senhor n\u00e3o faz as contas?<\/p>\n<p>Sem tutano para tanto, Jorge tratou logo de colocar a desconfian\u00e7a de lado. Pegou o caderno de espiral debaixo do balc\u00e3o e anotou o compromisso.<\/p>\n<p>No dia seguinte, na hora marcada, l\u00e1 estava Aureliano para cortar as pontas do bigode. Cumprimentou o barbeiro, que ligeiro foi dar algumas espanadas na cadeira para o ilustre fregu\u00eas se acomodar.<\/p>\n<p>Corta daqui, corta dali, eis que, de repente, a cabe\u00e7a do Aurelino tombou para o lado. O corpo seguiu caminho id\u00eantico. Jorge, a princ\u00edpio, imaginou que o mais ilustre cliente estaria lhe pregando uma pe\u00e7a. Que nada! O cora\u00e7\u00e3o do homem havia cansado de bater exatamente \u00e0s 10 menos 10.<\/p>\n<p><strong>*Eduardo Mart\u00ednez \u00e9 autor do livro \u201c57 Contos e Cr\u00f4nicas por um Autor muito Velho\u201d.<\/strong><\/p>\n<p>Compre aqui\u00a0<span class=\"x19la9d6 x1fc57z9 x6ikm8r x10wlt62 x19co3pv x1g5zs5t xfibh0p xiy17q3 x1xsqp64 x1lkfr7t xexx8yu x4uap5 x18d9i69 xkhd6sd\"><span class=\"xrtxmta x1bhl96m\"><img decoding=\"async\" class=\"emoji\" role=\"img\" draggable=\"false\" src=\"https:\/\/s.w.org\/images\/core\/emoji\/14.0.0\/svg\/1f447-1f3ff.svg\" alt=\"&#x1f447;&#x1f3ff;\" \/><\/span><\/span><span class=\"x19la9d6 x1fc57z9 x6ikm8r x10wlt62 x19co3pv x1g5zs5t xfibh0p xiy17q3 x1xsqp64 x1lkfr7t xexx8yu x4uap5 x18d9i69 xkhd6sd\"><span class=\"xrtxmta x1bhl96m\"><img decoding=\"async\" class=\"emoji\" role=\"img\" draggable=\"false\" src=\"https:\/\/s.w.org\/images\/core\/emoji\/14.0.0\/svg\/1f447-1f3ff.svg\" alt=\"&#x1f447;&#x1f3ff;\" \/><\/span><\/span><span class=\"x19la9d6 x1fc57z9 x6ikm8r x10wlt62 x19co3pv x1g5zs5t xfibh0p xiy17q3 x1xsqp64 x1lkfr7t xexx8yu x4uap5 x18d9i69 xkhd6sd\"><span class=\"xrtxmta x1bhl96m\"><img decoding=\"async\" class=\"emoji\" role=\"img\" draggable=\"false\" src=\"https:\/\/s.w.org\/images\/core\/emoji\/14.0.0\/svg\/1f447-1f3ff.svg\" alt=\"&#x1f447;&#x1f3ff;\" \/><\/span><\/span><\/p>\n<p><a href=\"http:\/\/www.joanineditora.com.br\/57-contos-e-cronicas-por-um-autor-muito-velho\">http:\/\/www.joanineditora.com.br\/57-contos-e-cronicas-por-um-autor-muito-velho<\/a><\/p>\n","protected":false},"excerpt":{"rendered":"<p>Era desagrad\u00e1vel por natureza. Alguns n\u00e3o gostavam das gravatas que usava, outros implicavam com o sotaque carregado de erres. No entanto, todos n\u00e3o suportavam o seu modo de dizer as horas. \u2014 18 menos 5. Empertigado que nem pav\u00e3o, Aurelino desfilava soberba por onde passava. Ningu\u00e9m se atrevia a dizer coisa que o desabonasse, mesmo [&hellip;]<\/p>\n","protected":false},"author":2,"featured_media":334831,"comment_status":"closed","ping_status":"closed","sticky":false,"template":"","format":"standard","meta":{"_acf_changed":false,"footnotes":""},"categories":[161],"tags":[],"class_list":["post-334830","post","type-post","status-publish","format-standard","has-post-thumbnail","hentry","category-quadradinho-em-foco"],"acf":[],"_links":{"self":[{"href":"https:\/\/www.notibras.com\/site\/wp-json\/wp\/v2\/posts\/334830","targetHints":{"allow":["GET"]}}],"collection":[{"href":"https:\/\/www.notibras.com\/site\/wp-json\/wp\/v2\/posts"}],"about":[{"href":"https:\/\/www.notibras.com\/site\/wp-json\/wp\/v2\/types\/post"}],"author":[{"embeddable":true,"href":"https:\/\/www.notibras.com\/site\/wp-json\/wp\/v2\/users\/2"}],"replies":[{"embeddable":true,"href":"https:\/\/www.notibras.com\/site\/wp-json\/wp\/v2\/comments?post=334830"}],"version-history":[{"count":2,"href":"https:\/\/www.notibras.com\/site\/wp-json\/wp\/v2\/posts\/334830\/revisions"}],"predecessor-version":[{"id":334833,"href":"https:\/\/www.notibras.com\/site\/wp-json\/wp\/v2\/posts\/334830\/revisions\/334833"}],"wp:featuredmedia":[{"embeddable":true,"href":"https:\/\/www.notibras.com\/site\/wp-json\/wp\/v2\/media\/334831"}],"wp:attachment":[{"href":"https:\/\/www.notibras.com\/site\/wp-json\/wp\/v2\/media?parent=334830"}],"wp:term":[{"taxonomy":"category","embeddable":true,"href":"https:\/\/www.notibras.com\/site\/wp-json\/wp\/v2\/categories?post=334830"},{"taxonomy":"post_tag","embeddable":true,"href":"https:\/\/www.notibras.com\/site\/wp-json\/wp\/v2\/tags?post=334830"}],"curies":[{"name":"wp","href":"https:\/\/api.w.org\/{rel}","templated":true}]}}