{"id":334843,"date":"2024-08-18T00:26:48","date_gmt":"2024-08-18T03:26:48","guid":{"rendered":"https:\/\/www.notibras.com\/site\/?p=334843"},"modified":"2024-08-18T11:28:14","modified_gmt":"2024-08-18T14:28:14","slug":"7sul-vende-20-das-unidades-no-dia-do-lancamento","status":"publish","type":"post","link":"https:\/\/www.notibras.com\/site\/7sul-vende-20-das-unidades-no-dia-do-lancamento\/","title":{"rendered":"7Sul vende 20% das unidades no dia do lan\u00e7amento"},"content":{"rendered":"<p>A PaulOOctavio lan\u00e7ou neste s\u00e1bado (17), seu mais novo empreendimento em Bras\u00edlia, o 7 Sul . Com a proposta de trazer um novo jeito de viver, o fica no Setor de M\u00faltiplas Atividades Sul e oferece in\u00fameros diferenciais, como plantas exclusivas e os servi\u00e7os pay per use oferecidos pela Rede Plaza Bras\u00edlia Hot\u00e9is, a maior do segmento na Capital do Pa\u00eds. Al\u00e9m disso, a empresa construir\u00e1 uma pra\u00e7a p\u00fablica externa com paisagismo, ideal para momentos ao ar livre e relaxamento.<\/p>\n<p>As obras j\u00e1 est\u00e3o em andamento. Os flats ter\u00e3o de 57m\u00b2 a 131m\u00b2, em duas torres, e plantas com as mais diversas configura\u00e7\u00f5es, al\u00e9m da proximidade do metr\u00f4 e do com\u00e9rcio. O projeto de arquitetura legal e executivo \u00e9 de Jos\u00e9 Renato Gomes e Karla Figueiredo, da Gomes Figueiredo Arquitetura, com paisagismo de Marina Pimentel e design de interiores de Giulia Abbott e Wall\u00e9ria Teixeira. Com isso, o condom\u00ednio fechado erguido na \u00e1rea do pol\u00edgono tombado da Capital oferecer\u00e1 ambiente diferenciado, inspirado em um clube, com amenidades e viv\u00eancia \u00fanica, cercada de verde, luz e espa\u00e7os de lazer.<\/p>\n<p>No discurso de lan\u00e7amento, o empres\u00e1rio Paulo Oct\u00e1vio destacou que o empreendimento ser\u00e1 um marco no SMAS. \u201cHoje \u00e9 o in\u00edcio de uma nova fase aqui no Setor de M\u00faltiplas Atividades Sul. \u00c9 o nosso primeiro empreendimento a ser constru\u00eddo aqui, uma regi\u00e3o que vai crescer e que tem muito futuro\u201d, avaliou.<\/p>\n<p>\u201c\u00c9 um empreendimento que tem uma concep\u00e7\u00e3o fant\u00e1stica e conta com tudo o que as pessoas precisam para viver bem. Tem academia, piscina, pet care, enfim, todos os equipamentos que as pessoas buscam ter. Toda nossa equipe est\u00e1 envolvida nesse projeto, ent\u00e3o estamos dando o pontap\u00e9 inicial. E a boa not\u00edcia que o F\u00e1bio aqui est\u00e1 me dizendo, \u00e9 que j\u00e1 temos, s\u00f3 hoje, mais de 20% das unidades vendidas, o que \u00e9 muito bom\u201d, afirmou, antes de saudar os compradores.<\/p>\n<p>Al\u00e9m de destacar a possibilidade de retorno do investimento, Paulo Oct\u00e1vio tamb\u00e9m falou da pra\u00e7a que vai ser constru\u00edda no local. \u201cVai ser charme. A pessoa que mora aqui vai ter uma pra\u00e7a do lado, com equipamentos esportivos, al\u00e9m dos que estar\u00e3o instalados dentro do pr\u00e9dio\u201d, afirmou.<\/p>\n<p>\u201cEnt\u00e3o, depois do jantar, nada melhor do que dar uma caminhada nessa pra\u00e7a, que vai interligar futuramenteo outro empreendimento que faremos ao lado. Ent\u00e3o, esse \u00e9 o primeiro. Depois que terminarmos este, vamos fazer o segundo que \u00e9 semelhante a este\u201d, disse.<\/p>\n<p>A previs\u00e3o inicial \u00e9 que o 7Sul seja entregue aos compradores em dezembro de 2026, mas Paulo Oct\u00e1vio anunciou que tentar\u00e1 antecipar a conclus\u00e3o das duas torres. \u201cDezembro de 2026 \u00e9 a data contratual, mas nossa responsabilidade \u00e9 construir com qualidade, para que todos possam ficar satisfeitos. Mas espero terminar um pouco antes\u201d, acrescentou.<\/p>\n<p>\u201cA obra est\u00e1 em ritmo total, o projeto \u00e9 sensacional, o c\u00e1lculo estrutural, as instala\u00e7\u00f5es e a decora\u00e7\u00e3o est\u00e3o perfeitos. Ent\u00e3o, acho que temos um empreendimento nota 10, que vai ser o marco da PaulOOctavio aqui nessa regi\u00e3o\u201d, finalizou.<\/p>\n<p>O 7Sul faz parte de um pacote de lan\u00e7amentos anunciados pela PaulOOctavio para este ano, que v\u00e3o gerar quase 3 mil empregos nos canteiros de obras. O total de investimentos neste conjunto de empreendimentos ultrapassa a marca dos R$ 900 milh\u00f5es. Ao lado da obra est\u00e1 erguido a central de vendas do empreendimento, com corretores de plant\u00e3o, maquete exclusiva e uma experi\u00eancia imersiva digital.<\/p>\n","protected":false},"excerpt":{"rendered":"<p>A PaulOOctavio lan\u00e7ou neste s\u00e1bado (17), seu mais novo empreendimento em Bras\u00edlia, o 7 Sul . Com a proposta de trazer um novo jeito de viver, o fica no Setor de M\u00faltiplas Atividades Sul e oferece in\u00fameros diferenciais, como plantas exclusivas e os servi\u00e7os pay per use oferecidos pela Rede Plaza Bras\u00edlia Hot\u00e9is, a maior [&hellip;]<\/p>\n","protected":false},"author":2,"featured_media":334844,"comment_status":"closed","ping_status":"closed","sticky":false,"template":"","format":"standard","meta":{"_acf_changed":false,"footnotes":""},"categories":[161],"tags":[],"class_list":["post-334843","post","type-post","status-publish","format-standard","has-post-thumbnail","hentry","category-quadradinho-em-foco"],"acf":[],"_links":{"self":[{"href":"https:\/\/www.notibras.com\/site\/wp-json\/wp\/v2\/posts\/334843","targetHints":{"allow":["GET"]}}],"collection":[{"href":"https:\/\/www.notibras.com\/site\/wp-json\/wp\/v2\/posts"}],"about":[{"href":"https:\/\/www.notibras.com\/site\/wp-json\/wp\/v2\/types\/post"}],"author":[{"embeddable":true,"href":"https:\/\/www.notibras.com\/site\/wp-json\/wp\/v2\/users\/2"}],"replies":[{"embeddable":true,"href":"https:\/\/www.notibras.com\/site\/wp-json\/wp\/v2\/comments?post=334843"}],"version-history":[{"count":1,"href":"https:\/\/www.notibras.com\/site\/wp-json\/wp\/v2\/posts\/334843\/revisions"}],"predecessor-version":[{"id":334845,"href":"https:\/\/www.notibras.com\/site\/wp-json\/wp\/v2\/posts\/334843\/revisions\/334845"}],"wp:featuredmedia":[{"embeddable":true,"href":"https:\/\/www.notibras.com\/site\/wp-json\/wp\/v2\/media\/334844"}],"wp:attachment":[{"href":"https:\/\/www.notibras.com\/site\/wp-json\/wp\/v2\/media?parent=334843"}],"wp:term":[{"taxonomy":"category","embeddable":true,"href":"https:\/\/www.notibras.com\/site\/wp-json\/wp\/v2\/categories?post=334843"},{"taxonomy":"post_tag","embeddable":true,"href":"https:\/\/www.notibras.com\/site\/wp-json\/wp\/v2\/tags?post=334843"}],"curies":[{"name":"wp","href":"https:\/\/api.w.org\/{rel}","templated":true}]}}