{"id":334875,"date":"2024-08-19T02:07:25","date_gmt":"2024-08-19T05:07:25","guid":{"rendered":"https:\/\/www.notibras.com\/site\/?p=334875"},"modified":"2024-08-19T02:07:25","modified_gmt":"2024-08-19T05:07:25","slug":"ogum-onele-faz-a-festa-no-patio-de-sao-pedro","status":"publish","type":"post","link":"https:\/\/www.notibras.com\/site\/ogum-onele-faz-a-festa-no-patio-de-sao-pedro\/","title":{"rendered":"Ogum Onel\u00ea faz a festa no P\u00e1tio de S\u00e3o Pedro"},"content":{"rendered":"<p>O Maracatu Ogum Onil\u00ea \u00e9 uma manifesta\u00e7\u00e3o cultural que carrega consigo a for\u00e7a e a ancestralidade do povo negro, e ao presenciar sua apresenta\u00e7\u00e3o no P\u00e1tio de S\u00e3o Pedro, no cora\u00e7\u00e3o de Recife, \u00e9 imposs\u00edvel n\u00e3o se deixar envolver pelo misticismo e pela energia vibrante que emana de cada toque de tambor, de cada passo ritmado e de cada canto entoado. O prazer j\u00e1 come\u00e7a durante o ensaio, sob a sobra de velhos cas\u00e3r\u00f5es que serviam para a comercializa\u00e7\u00e3o de escravos no Brasil Imp\u00e9rio.<\/p>\n<p>O P\u00e1tio de S\u00e3o Pedro, com suas pedras seculares e casarios coloridos, serve como um cen\u00e1rio perfeito para essa express\u00e3o de resist\u00eancia e identidade. O espa\u00e7o, que j\u00e1 foi palco de tantas hist\u00f3rias, torna-se mais uma vez um santu\u00e1rio onde a cultura afro-brasileira se encontra e se renova.<\/p>\n<p>Na noite em que o Ogum Onil\u00ea se apresentou, o c\u00e9u recifense parecia conspirar a favor do evento. Uma leve brisa soprava, e as luzes amarelas dos postes criavam um contraste m\u00e1gico com as cores vibrantes das vestes dos maracatuzeiros. A alfaia, com seu som grave e profundo, marcava o compasso da apresenta\u00e7\u00e3o, enquanto os agog\u00f4s e ganz\u00e1s, com seus sons mais agudos, traziam a harmonia necess\u00e1ria para que o conjunto ressoasse como um \u00fanico corpo.<\/p>\n<p>Os cantos, muitas vezes em iorub\u00e1, reverenciavam os orix\u00e1s, em especial Ogum, o senhor da guerra e do ferro, cujo nome \u00e9 exaltado pelo grupo. Cada verso entoado era uma invoca\u00e7\u00e3o, uma conex\u00e3o direta com o sagrado, que parecia descer e se manifestar ali, no meio do P\u00e1tio. As dan\u00e7arinas, com seus movimentos ora delicados, ora vigorosos, contavam hist\u00f3rias com o corpo, representando batalhas, celebra\u00e7\u00f5es e ritos de passagem.<\/p>\n<p>O p\u00fablico, em sua maioria moradores do Recife, mas tamb\u00e9m turistas encantados pela cultura local, assistia a tudo em sil\u00eancio respeitoso, como se compreendesse a profundidade do que estava sendo vivido ali. Alguns, mais familiarizados com o maracatu, arriscavam passos t\u00edmidos, tentando acompanhar o ritmo hipnotizante.<\/p>\n<p>Ao final da apresenta\u00e7\u00e3o, era imposs\u00edvel n\u00e3o sentir uma mistura de emo\u00e7\u00f5es. A euforia de ter presenciado algo t\u00e3o belo e aut\u00eantico se mesclava \u00e0 reflex\u00e3o sobre a import\u00e2ncia de manter viva essa tradi\u00e7\u00e3o. O Maracatu Ogum Onil\u00ea n\u00e3o \u00e9 apenas uma express\u00e3o art\u00edstica; \u00e9 um grito de resist\u00eancia, uma afirma\u00e7\u00e3o de identidade, e no P\u00e1tio de S\u00e3o Pedro, essa mensagem ecoou alto e claro, como uma batida de tambor que nunca cessa, mesmo depois do \u00faltimo toque.<\/p>\n","protected":false},"excerpt":{"rendered":"<p>O Maracatu Ogum Onil\u00ea \u00e9 uma manifesta\u00e7\u00e3o cultural que carrega consigo a for\u00e7a e a ancestralidade do povo negro, e ao presenciar sua apresenta\u00e7\u00e3o no P\u00e1tio de S\u00e3o Pedro, no cora\u00e7\u00e3o de Recife, \u00e9 imposs\u00edvel n\u00e3o se deixar envolver pelo misticismo e pela energia vibrante que emana de cada toque de tambor, de cada passo [&hellip;]<\/p>\n","protected":false},"author":2,"featured_media":334876,"comment_status":"closed","ping_status":"closed","sticky":false,"template":"","format":"standard","meta":{"_acf_changed":false,"footnotes":""},"categories":[165],"tags":[],"class_list":["post-334875","post","type-post","status-publish","format-standard","has-post-thumbnail","hentry","category-nordeste"],"acf":[],"_links":{"self":[{"href":"https:\/\/www.notibras.com\/site\/wp-json\/wp\/v2\/posts\/334875","targetHints":{"allow":["GET"]}}],"collection":[{"href":"https:\/\/www.notibras.com\/site\/wp-json\/wp\/v2\/posts"}],"about":[{"href":"https:\/\/www.notibras.com\/site\/wp-json\/wp\/v2\/types\/post"}],"author":[{"embeddable":true,"href":"https:\/\/www.notibras.com\/site\/wp-json\/wp\/v2\/users\/2"}],"replies":[{"embeddable":true,"href":"https:\/\/www.notibras.com\/site\/wp-json\/wp\/v2\/comments?post=334875"}],"version-history":[{"count":1,"href":"https:\/\/www.notibras.com\/site\/wp-json\/wp\/v2\/posts\/334875\/revisions"}],"predecessor-version":[{"id":334877,"href":"https:\/\/www.notibras.com\/site\/wp-json\/wp\/v2\/posts\/334875\/revisions\/334877"}],"wp:featuredmedia":[{"embeddable":true,"href":"https:\/\/www.notibras.com\/site\/wp-json\/wp\/v2\/media\/334876"}],"wp:attachment":[{"href":"https:\/\/www.notibras.com\/site\/wp-json\/wp\/v2\/media?parent=334875"}],"wp:term":[{"taxonomy":"category","embeddable":true,"href":"https:\/\/www.notibras.com\/site\/wp-json\/wp\/v2\/categories?post=334875"},{"taxonomy":"post_tag","embeddable":true,"href":"https:\/\/www.notibras.com\/site\/wp-json\/wp\/v2\/tags?post=334875"}],"curies":[{"name":"wp","href":"https:\/\/api.w.org\/{rel}","templated":true}]}}