{"id":334878,"date":"2024-08-19T02:04:19","date_gmt":"2024-08-19T05:04:19","guid":{"rendered":"https:\/\/www.notibras.com\/site\/?p=334878"},"modified":"2024-08-19T02:16:24","modified_gmt":"2024-08-19T05:16:24","slug":"pobre-nordestino-que-senta-na-plateia-sonha-em-um-dia-estar-no-palco","status":"publish","type":"post","link":"https:\/\/www.notibras.com\/site\/pobre-nordestino-que-senta-na-plateia-sonha-em-um-dia-estar-no-palco\/","title":{"rendered":"Pobre nordestino que senta na plateia sonha em um dia estar no palco"},"content":{"rendered":"<p>No sert\u00e3o, o sol nasce cedo e ilumina a vida do nordestino. Cada raio de luz \u00e9 uma promessa de dias melhores, uma esperan\u00e7a que se renova a cada amanhecer. Ali, onde a terra \u00e9 seca e o suor \u00e9 constante, o sonho \u00e9 um companheiro fiel. E \u00e9 na simplicidade do cotidiano que ele ganha for\u00e7a, cresce e resiste, como a caatinga que floresce nas adversidades.<\/p>\n<p>Imagine um nordestino sentado na plateia de um teatro, seus olhos brilhando de expectativa. Ele olha para o palco com admira\u00e7\u00e3o, quase rever\u00eancia. Ali, naquele espa\u00e7o iluminado, ele v\u00ea algo mais que uma encena\u00e7\u00e3o: ele v\u00ea o futuro, v\u00ea a possibilidade de transcender as limita\u00e7\u00f5es impostas pela vida \u00e1rdua do sert\u00e3o. Ele n\u00e3o est\u00e1 apenas assistindo a um espet\u00e1culo; ele est\u00e1 sonhando com o dia em que ser\u00e1 ele, e n\u00e3o outro, a ser aplaudido, aclamado, visto.<\/p>\n<p>A plateia \u00e9 um lugar de espera, de aprendizado. Cada gesto do ator no palco, cada palavra pronunciada, cada nota da m\u00fasica \u00e9 absorvida com avidez. Ele aprende com o que v\u00ea, se inspira no que ouve. E enquanto os outros aplaudem, ele sonha. Sonha com o dia em que sua voz ser\u00e1 ouvida, em que sua hist\u00f3ria ser\u00e1 contada. Sonha com o dia em que deixar\u00e1 de ser um simples espectador para se tornar protagonista.<\/p>\n<p>Mas o caminho at\u00e9 o palco n\u00e3o \u00e9 f\u00e1cil. O nordestino sabe disso como poucos. A vida no sert\u00e3o o ensinou que nada vem de gra\u00e7a, que cada conquista \u00e9 fruto de muito esfor\u00e7o e persist\u00eancia. Ele trabalha de sol a sol, enfrenta dificuldades inimagin\u00e1veis, mas n\u00e3o desiste. Porque ele sabe que cada passo dado em dire\u00e7\u00e3o ao sonho o aproxima um pouco mais do palco, daquele lugar de destaque que ele tanto almeja.<\/p>\n<p>E um dia, quem sabe, ele estar\u00e1 ali, sob os holofotes, ouvindo os aplausos que antes destinava a outros. Nesse momento, ele n\u00e3o ser\u00e1 apenas um nordestino que subiu ao palco. Ser\u00e1 a prova viva de que os sonhos podem se tornar realidade, de que a determina\u00e7\u00e3o pode vencer qualquer obst\u00e1culo. E ele se lembrar\u00e1 do tempo em que, sentado na plateia, sonhava com aquele momento.<\/p>\n<p>O pobre nordestino, tantas vezes esquecido e marginalizado, se ver\u00e1 finalmente reconhecido. N\u00e3o apenas por seu talento, mas por sua coragem, por sua for\u00e7a, por sua capacidade de sonhar e de lutar por seus sonhos. Ele ser\u00e1 um exemplo para outros que, como ele, sentam na plateia e olham para o palco com os olhos cheios de esperan\u00e7a.<\/p>\n<p>Porque, no final das contas, o sonho n\u00e3o \u00e9 apenas uma fuga da realidade. \u00c9 uma ferramenta poderosa, capaz de transformar vidas, de romper barreiras e de construir um futuro melhor. E o nordestino, que sempre soube sonhar mesmo nas piores condi\u00e7\u00f5es, sabe disso melhor do que ningu\u00e9m.<\/p>\n","protected":false},"excerpt":{"rendered":"<p>No sert\u00e3o, o sol nasce cedo e ilumina a vida do nordestino. Cada raio de luz \u00e9 uma promessa de dias melhores, uma esperan\u00e7a que se renova a cada amanhecer. Ali, onde a terra \u00e9 seca e o suor \u00e9 constante, o sonho \u00e9 um companheiro fiel. E \u00e9 na simplicidade do cotidiano que ele [&hellip;]<\/p>\n","protected":false},"author":2,"featured_media":334879,"comment_status":"closed","ping_status":"closed","sticky":false,"template":"","format":"standard","meta":{"_acf_changed":false,"footnotes":""},"categories":[165],"tags":[],"class_list":["post-334878","post","type-post","status-publish","format-standard","has-post-thumbnail","hentry","category-nordeste"],"acf":[],"_links":{"self":[{"href":"https:\/\/www.notibras.com\/site\/wp-json\/wp\/v2\/posts\/334878","targetHints":{"allow":["GET"]}}],"collection":[{"href":"https:\/\/www.notibras.com\/site\/wp-json\/wp\/v2\/posts"}],"about":[{"href":"https:\/\/www.notibras.com\/site\/wp-json\/wp\/v2\/types\/post"}],"author":[{"embeddable":true,"href":"https:\/\/www.notibras.com\/site\/wp-json\/wp\/v2\/users\/2"}],"replies":[{"embeddable":true,"href":"https:\/\/www.notibras.com\/site\/wp-json\/wp\/v2\/comments?post=334878"}],"version-history":[{"count":1,"href":"https:\/\/www.notibras.com\/site\/wp-json\/wp\/v2\/posts\/334878\/revisions"}],"predecessor-version":[{"id":334880,"href":"https:\/\/www.notibras.com\/site\/wp-json\/wp\/v2\/posts\/334878\/revisions\/334880"}],"wp:featuredmedia":[{"embeddable":true,"href":"https:\/\/www.notibras.com\/site\/wp-json\/wp\/v2\/media\/334879"}],"wp:attachment":[{"href":"https:\/\/www.notibras.com\/site\/wp-json\/wp\/v2\/media?parent=334878"}],"wp:term":[{"taxonomy":"category","embeddable":true,"href":"https:\/\/www.notibras.com\/site\/wp-json\/wp\/v2\/categories?post=334878"},{"taxonomy":"post_tag","embeddable":true,"href":"https:\/\/www.notibras.com\/site\/wp-json\/wp\/v2\/tags?post=334878"}],"curies":[{"name":"wp","href":"https:\/\/api.w.org\/{rel}","templated":true}]}}