{"id":334883,"date":"2024-08-19T02:42:34","date_gmt":"2024-08-19T05:42:34","guid":{"rendered":"https:\/\/www.notibras.com\/site\/?p=334883"},"modified":"2024-08-19T02:43:03","modified_gmt":"2024-08-19T05:43:03","slug":"dor-de-esperar-na-fila-e-maior-que-a-dor-do-parto","status":"publish","type":"post","link":"https:\/\/www.notibras.com\/site\/dor-de-esperar-na-fila-e-maior-que-a-dor-do-parto\/","title":{"rendered":"Dor de esperar na fila \u00e9 maior que a dor do parto"},"content":{"rendered":"<p>A capital do pa\u00eds, Bras\u00edlia, deveria ser um exemplo de efici\u00eancia e qualidade em todos os aspectos, especialmente na sa\u00fade p\u00fablica. Contudo, o que se observa nas filas intermin\u00e1veis dos hospitais \u00e9 um retrato ca\u00f3tico de uma realidade dolorosa que vai al\u00e9m das paredes frias e impessoais dos corredores.<\/p>\n<p>Imagine a cena: uma mulher em trabalho de parto, j\u00e1 com as contra\u00e7\u00f5es intensas, sentindo que a chegada de seu beb\u00ea \u00e9 iminente. Ela, que deveria estar cercada de cuidados, aten\u00e7\u00e3o e seguran\u00e7a, encontra-se em uma batalha contra o tempo e a indiferen\u00e7a. Ao seu redor, o cen\u00e1rio \u00e9 desolador \u2013 enfermeiros correndo de um lado para o outro, m\u00e9dicos sobrecarregados, pacientes espalhados por macas e cadeiras improvisadas.<\/p>\n<p>O desespero toma conta. A dor f\u00edsica se mistura ao medo do desconhecido, da incerteza. Mas h\u00e1 uma dor que talvez seja ainda maior, que corr\u00f3i por dentro: a dor de esperar. A dor de esperar por um atendimento digno, de esperar por um m\u00e9dico que n\u00e3o est\u00e1 dispon\u00edvel, de esperar por um espa\u00e7o onde ela possa ter seu filho com o m\u00ednimo de dignidade.<\/p>\n<p>A cada minuto que passa, a agonia aumenta. A mulher se sente invis\u00edvel em meio ao caos, uma estat\u00edstica em um sistema que parece n\u00e3o ter alma. O rel\u00f3gio marca o tempo, mas para ela, cada segundo \u00e9 uma eternidade. O que deveria ser um momento de alegria se transforma em um pesadelo intermin\u00e1vel.<\/p>\n<p>As hist\u00f3rias que se acumulam nos corredores da sa\u00fade p\u00fablica de Bras\u00edlia n\u00e3o s\u00e3o apenas n\u00fameros em relat\u00f3rios; s\u00e3o vidas impactadas de maneira profunda e irrevers\u00edvel. Cada mulher que passa por essa experi\u00eancia traum\u00e1tica carrega consigo as marcas de um sistema falido, que n\u00e3o consegue cumprir seu papel mais b\u00e1sico: cuidar de quem mais precisa.<\/p>\n<p>A dor do parto \u00e9 uma dor intensa, mas tempor\u00e1ria. No entanto, a dor de uma sa\u00fade p\u00fablica ineficaz \u00e9 constante, persistente, e se reflete em cada rosto abatido que espera por atendimento. A dor de esperar se torna, paradoxalmente, uma dor que nunca passa.<\/p>\n<p>E assim, a mulher, que deveria ter como \u00fanica preocupa\u00e7\u00e3o trazer ao mundo uma nova vida, se v\u00ea presa em um sistema que a faz questionar se haver\u00e1 espa\u00e7o para mais uma vida em meio ao caos. O que era para ser um dia de alegria se torna um lembrete cruel de que, em Bras\u00edlia, a dor de esperar \u00e9, muitas vezes, pior do que a pr\u00f3pria dor do parto. E a CPI dos Distritais, vai dar um jeito nisso?<\/p>\n","protected":false},"excerpt":{"rendered":"<p>A capital do pa\u00eds, Bras\u00edlia, deveria ser um exemplo de efici\u00eancia e qualidade em todos os aspectos, especialmente na sa\u00fade p\u00fablica. Contudo, o que se observa nas filas intermin\u00e1veis dos hospitais \u00e9 um retrato ca\u00f3tico de uma realidade dolorosa que vai al\u00e9m das paredes frias e impessoais dos corredores. Imagine a cena: uma mulher em [&hellip;]<\/p>\n","protected":false},"author":2,"featured_media":200398,"comment_status":"closed","ping_status":"closed","sticky":false,"template":"","format":"standard","meta":{"_acf_changed":false,"footnotes":""},"categories":[161],"tags":[],"class_list":["post-334883","post","type-post","status-publish","format-standard","has-post-thumbnail","hentry","category-quadradinho-em-foco"],"acf":[],"_links":{"self":[{"href":"https:\/\/www.notibras.com\/site\/wp-json\/wp\/v2\/posts\/334883","targetHints":{"allow":["GET"]}}],"collection":[{"href":"https:\/\/www.notibras.com\/site\/wp-json\/wp\/v2\/posts"}],"about":[{"href":"https:\/\/www.notibras.com\/site\/wp-json\/wp\/v2\/types\/post"}],"author":[{"embeddable":true,"href":"https:\/\/www.notibras.com\/site\/wp-json\/wp\/v2\/users\/2"}],"replies":[{"embeddable":true,"href":"https:\/\/www.notibras.com\/site\/wp-json\/wp\/v2\/comments?post=334883"}],"version-history":[{"count":1,"href":"https:\/\/www.notibras.com\/site\/wp-json\/wp\/v2\/posts\/334883\/revisions"}],"predecessor-version":[{"id":334884,"href":"https:\/\/www.notibras.com\/site\/wp-json\/wp\/v2\/posts\/334883\/revisions\/334884"}],"wp:featuredmedia":[{"embeddable":true,"href":"https:\/\/www.notibras.com\/site\/wp-json\/wp\/v2\/media\/200398"}],"wp:attachment":[{"href":"https:\/\/www.notibras.com\/site\/wp-json\/wp\/v2\/media?parent=334883"}],"wp:term":[{"taxonomy":"category","embeddable":true,"href":"https:\/\/www.notibras.com\/site\/wp-json\/wp\/v2\/categories?post=334883"},{"taxonomy":"post_tag","embeddable":true,"href":"https:\/\/www.notibras.com\/site\/wp-json\/wp\/v2\/tags?post=334883"}],"curies":[{"name":"wp","href":"https:\/\/api.w.org\/{rel}","templated":true}]}}