{"id":334891,"date":"2024-08-19T02:06:22","date_gmt":"2024-08-19T05:06:22","guid":{"rendered":"https:\/\/www.notibras.com\/site\/?p=334891"},"modified":"2024-08-19T03:08:33","modified_gmt":"2024-08-19T06:08:33","slug":"calcadas-esburacadas-viram-transtorno-para-pedestres-e-cadeirantes","status":"publish","type":"post","link":"https:\/\/www.notibras.com\/site\/calcadas-esburacadas-viram-transtorno-para-pedestres-e-cadeirantes\/","title":{"rendered":"Cal\u00e7adas esburacadas viram transtorno para pedestres e cadeirantes"},"content":{"rendered":"<p>Bras\u00edlia, a capital do Brasil, \u00e9 uma cidade planejada, famosa por suas amplas avenidas, pr\u00e9dios modernos e monumentos arquitet\u00f4nicos. Mas, por tr\u00e1s dessa fachada de modernidade, h\u00e1 um problema que passa despercebido por muitos: as cal\u00e7adas esburacadas que cortam a cidade.<\/p>\n<p>Para aqueles que se aventuram andar a a p\u00e9 pela cidade, a experi\u00eancia pode ser comparada a uma verdadeira trilha de obst\u00e1culos. Os buracos nas cal\u00e7adas s\u00e3o armadilhas invis\u00edveis, prontas para causar trope\u00e7os e quedas. \u00c9 comum ver pedestres, principalmente idosos, desviando de um buraco aqui, saltando por cima de uma eleva\u00e7\u00e3o ali, ou at\u00e9 mesmo optando por andar no asfalto, arriscando-se entre os carros, do que enfrentar as cal\u00e7adas maltratadas.<\/p>\n<p>Se para um pedestre comum as cal\u00e7adas j\u00e1 s\u00e3o um desafio, para os cadeirantes a situa\u00e7\u00e3o se torna ainda mais cr\u00edtica. A cidade que deveria ser acess\u00edvel para todos se revela excludente para aqueles que dependem de uma cadeira de rodas para se locomover. Rampas de acesso quebradas, desn\u00edveis bruscos e buracos enormes tornam o simples ato de sair de casa uma miss\u00e3o quase imposs\u00edvel. Muitos cadeirantes relatam que precisam escolher seus trajetos com extrema cautela, evitando ruas com cal\u00e7adas mais problem\u00e1ticas ou, em alguns casos, tendo que depender de ajuda para atravessar trechos mais complicados.<\/p>\n<p>Essa situa\u00e7\u00e3o \u00e9 agravada pela falta de manuten\u00e7\u00e3o regular. As cal\u00e7adas v\u00e3o se deteriorando aos poucos, e, quando finalmente recebem algum reparo, muitas vezes \u00e9 um trabalho malfeito, que n\u00e3o resolve o problema a longo prazo. Al\u00e9m disso, a responsabilidade pela manuten\u00e7\u00e3o das cal\u00e7adas, que muitas vezes recai sobre os propriet\u00e1rios dos im\u00f3veis, nem sempre \u00e9 cumprida, seja por desconhecimento ou por neglig\u00eancia.<\/p>\n<p>\u00c9 ir\u00f4nico pensar que em uma cidade planejada, onde tudo foi meticulosamente desenhado para funcionar em harmonia, as cal\u00e7adas, um elemento t\u00e3o b\u00e1sico do espa\u00e7o urbano, sejam t\u00e3o negligenciadas. Enquanto as autoridades n\u00e3o tomarem medidas efetivas para resolver esse problema, os pedestres e cadeirantes de Bras\u00edlia continuar\u00e3o enfrentando uma dura batalha di\u00e1ria pelas ruas da capital.<\/p>\n<p>Bras\u00edlia, com todo o seu charme arquitet\u00f4nico, ainda precisa cuidar de seus alicerces mais simples: as cal\u00e7adas que sustentam o caminhar de seus cidad\u00e3os. At\u00e9 l\u00e1, cada passo dado pelas ruas da cidade ser\u00e1 um lembrete do quanto ainda temos que caminhar para alcan\u00e7ar uma verdadeira cidade inclusiva.<\/p>\n","protected":false},"excerpt":{"rendered":"<p>Bras\u00edlia, a capital do Brasil, \u00e9 uma cidade planejada, famosa por suas amplas avenidas, pr\u00e9dios modernos e monumentos arquitet\u00f4nicos. Mas, por tr\u00e1s dessa fachada de modernidade, h\u00e1 um problema que passa despercebido por muitos: as cal\u00e7adas esburacadas que cortam a cidade. Para aqueles que se aventuram andar a a p\u00e9 pela cidade, a experi\u00eancia pode [&hellip;]<\/p>\n","protected":false},"author":2,"featured_media":297220,"comment_status":"closed","ping_status":"closed","sticky":false,"template":"","format":"standard","meta":{"_acf_changed":false,"footnotes":""},"categories":[161],"tags":[],"class_list":["post-334891","post","type-post","status-publish","format-standard","has-post-thumbnail","hentry","category-quadradinho-em-foco"],"acf":[],"_links":{"self":[{"href":"https:\/\/www.notibras.com\/site\/wp-json\/wp\/v2\/posts\/334891","targetHints":{"allow":["GET"]}}],"collection":[{"href":"https:\/\/www.notibras.com\/site\/wp-json\/wp\/v2\/posts"}],"about":[{"href":"https:\/\/www.notibras.com\/site\/wp-json\/wp\/v2\/types\/post"}],"author":[{"embeddable":true,"href":"https:\/\/www.notibras.com\/site\/wp-json\/wp\/v2\/users\/2"}],"replies":[{"embeddable":true,"href":"https:\/\/www.notibras.com\/site\/wp-json\/wp\/v2\/comments?post=334891"}],"version-history":[{"count":1,"href":"https:\/\/www.notibras.com\/site\/wp-json\/wp\/v2\/posts\/334891\/revisions"}],"predecessor-version":[{"id":334892,"href":"https:\/\/www.notibras.com\/site\/wp-json\/wp\/v2\/posts\/334891\/revisions\/334892"}],"wp:featuredmedia":[{"embeddable":true,"href":"https:\/\/www.notibras.com\/site\/wp-json\/wp\/v2\/media\/297220"}],"wp:attachment":[{"href":"https:\/\/www.notibras.com\/site\/wp-json\/wp\/v2\/media?parent=334891"}],"wp:term":[{"taxonomy":"category","embeddable":true,"href":"https:\/\/www.notibras.com\/site\/wp-json\/wp\/v2\/categories?post=334891"},{"taxonomy":"post_tag","embeddable":true,"href":"https:\/\/www.notibras.com\/site\/wp-json\/wp\/v2\/tags?post=334891"}],"curies":[{"name":"wp","href":"https:\/\/api.w.org\/{rel}","templated":true}]}}