{"id":334893,"date":"2024-08-19T02:00:21","date_gmt":"2024-08-19T05:00:21","guid":{"rendered":"https:\/\/www.notibras.com\/site\/?p=334893"},"modified":"2024-08-19T03:17:20","modified_gmt":"2024-08-19T06:17:20","slug":"buriti-arrocha-e-cobra-do-proprietario-iptu-elevado","status":"publish","type":"post","link":"https:\/\/www.notibras.com\/site\/buriti-arrocha-e-cobra-do-proprietario-iptu-elevado\/","title":{"rendered":"Buriti arrocha e cobra do propriet\u00e1rio IPTU elevado"},"content":{"rendered":"<p>A quarta parcela do Imposto sobre Propriedade Predial e Territorial Urbana (IPTU), tributo fundamental para custear servi\u00e7os p\u00fablicos de seguran\u00e7a, sa\u00fade e educa\u00e7\u00e3o, come\u00e7a a vencer a partir de segunda-feira (19). O calend\u00e1rio de pagamentos vai at\u00e9 sexta-feira (23), a depender do n\u00famero final da inscri\u00e7\u00e3o do im\u00f3vel no Cadastro Imobili\u00e1rio do Distrito Federal (CIDF).<\/p>\n<p>Os documentos com d\u00edgitos finais 1 e 2 devem ser quitados na segunda (19); 3 e 4, na ter\u00e7a (20); 5 e 6, na quarta (21); 7 e 8, na quinta (22); e 9, 0 ou X na sexta (23). Quem n\u00e3o recebeu o boleto para pagamento pelos Correios deve emitir a segunda via do documento pelo portal de servi\u00e7os da Receita ou pelo aplicativo Economia DF.<\/p>\n<p>Contribuintes que optaram pelo pagamento em parcela \u00fanica j\u00e1 efetuaram o pagamento em maio. Para quem escolheu dividir o pagamento, o valor de cada parcela n\u00e3o pode ser inferior a R$ 20. Caso a soma do valor do IPTU e da TLP seja inferior a R$ 40, a quita\u00e7\u00e3o dever\u00e1 ser feita em cota \u00fanica.<\/p>\n","protected":false},"excerpt":{"rendered":"<p>A quarta parcela do Imposto sobre Propriedade Predial e Territorial Urbana (IPTU), tributo fundamental para custear servi\u00e7os p\u00fablicos de seguran\u00e7a, sa\u00fade e educa\u00e7\u00e3o, come\u00e7a a vencer a partir de segunda-feira (19). O calend\u00e1rio de pagamentos vai at\u00e9 sexta-feira (23), a depender do n\u00famero final da inscri\u00e7\u00e3o do im\u00f3vel no Cadastro Imobili\u00e1rio do Distrito Federal (CIDF). [&hellip;]<\/p>\n","protected":false},"author":2,"featured_media":196002,"comment_status":"closed","ping_status":"closed","sticky":false,"template":"","format":"standard","meta":{"_acf_changed":false,"footnotes":""},"categories":[161],"tags":[],"class_list":["post-334893","post","type-post","status-publish","format-standard","has-post-thumbnail","hentry","category-quadradinho-em-foco"],"acf":[],"_links":{"self":[{"href":"https:\/\/www.notibras.com\/site\/wp-json\/wp\/v2\/posts\/334893","targetHints":{"allow":["GET"]}}],"collection":[{"href":"https:\/\/www.notibras.com\/site\/wp-json\/wp\/v2\/posts"}],"about":[{"href":"https:\/\/www.notibras.com\/site\/wp-json\/wp\/v2\/types\/post"}],"author":[{"embeddable":true,"href":"https:\/\/www.notibras.com\/site\/wp-json\/wp\/v2\/users\/2"}],"replies":[{"embeddable":true,"href":"https:\/\/www.notibras.com\/site\/wp-json\/wp\/v2\/comments?post=334893"}],"version-history":[{"count":1,"href":"https:\/\/www.notibras.com\/site\/wp-json\/wp\/v2\/posts\/334893\/revisions"}],"predecessor-version":[{"id":334894,"href":"https:\/\/www.notibras.com\/site\/wp-json\/wp\/v2\/posts\/334893\/revisions\/334894"}],"wp:featuredmedia":[{"embeddable":true,"href":"https:\/\/www.notibras.com\/site\/wp-json\/wp\/v2\/media\/196002"}],"wp:attachment":[{"href":"https:\/\/www.notibras.com\/site\/wp-json\/wp\/v2\/media?parent=334893"}],"wp:term":[{"taxonomy":"category","embeddable":true,"href":"https:\/\/www.notibras.com\/site\/wp-json\/wp\/v2\/categories?post=334893"},{"taxonomy":"post_tag","embeddable":true,"href":"https:\/\/www.notibras.com\/site\/wp-json\/wp\/v2\/tags?post=334893"}],"curies":[{"name":"wp","href":"https:\/\/api.w.org\/{rel}","templated":true}]}}