{"id":334910,"date":"2024-08-20T03:04:24","date_gmt":"2024-08-20T06:04:24","guid":{"rendered":"https:\/\/www.notibras.com\/site\/?p=334910"},"modified":"2024-08-20T03:29:53","modified_gmt":"2024-08-20T06:29:53","slug":"corrupcao-sistemica-abala-fe-do-eleitor-nos-candidatos","status":"publish","type":"post","link":"https:\/\/www.notibras.com\/site\/corrupcao-sistemica-abala-fe-do-eleitor-nos-candidatos\/","title":{"rendered":"Corrup\u00e7\u00e3o sist\u00eamica abala f\u00e9 do eleitor nos candidatos"},"content":{"rendered":"<p>O povo nordestino j\u00e1 n\u00e3o tem mais confian\u00e7a em nossos pol\u00edticos. Isso vem sendo verificado nas \u00faltimas 72 horas, com o in\u00edcio da campanha eleitoral para disputar cargos de prefeitos e vereadores. Percorrendo o vasto sert\u00e3o, observa-se em uma pequena cidade que a pra\u00e7a central, outrora ponto de encontro para conversas amenas e jogos de tabuleiro entre amigos, agora se transformou em palco de discuss\u00e3o acalorada. A proximidade das elei\u00e7\u00f5es municipais, que antes gerou entusiasmo e um senso de dever c\u00edvico, provoca desconfian\u00e7a e ceticismo entre os eleitores.<\/p>\n<p>Antigamente, as campanhas para prefeito e vereador eram motivadas por debates sobre melhorias na infraestrutura da cidade, educa\u00e7\u00e3o, sa\u00fade e qualidade de vida dos moradores. Hoje, por\u00e9m, os discursos parecem cada vez mais distantes das necessidades reais da popula\u00e7\u00e3o. As promessas, que eram vistas como compromissos, passaram a ser encaradas como palavras vazias, ditas apenas para angariar votos.<\/p>\n<p>A corrup\u00e7\u00e3o, esse c\u00e2ncer que corr\u00f3i a democracia, instalou-se como uma presen\u00e7a inc\u00f4moda e constante na vida pol\u00edtica do pa\u00eds. N\u00e3o s\u00e3o mais casos isolados, mas um sistema que, de t\u00e3o enraizado, parece ser parte integrante do processo eleitoral. O eleitor, j\u00e1 cansado e desiludido, assiste a essa realidade com uma mistura de resigna\u00e7\u00e3o e revolta. Nota-se que a cada novo esc\u00e2ndalo, a esperan\u00e7a se esvai um pouco mais.<\/p>\n<p>Nas rodas de conversa, o tom \u00e9 de des\u00e2nimo. \u201cPra que votar se todos s\u00e3o iguais?\u201d, diz Dona Maria, uma senhora de setenta anos, que j\u00e1 viu muitas promessas n\u00e3o cumpridas. \u201cParece que quem entra na pol\u00edtica j\u00e1 entra pensando em como tirar vantagem\u201d, comenta seu Jos\u00e9, que, com seus oitenta e dois anos, sempre participou das elei\u00e7\u00f5es, mas agora, mesmo desobrigado, pela idade, ee ir \u00e0s urnas, pensa em anular o voto<\/p>\n<p>A sensa\u00e7\u00e3o de impot\u00eancia \u00e9 crescente. Os candidatos, antes figuras de respeito e confian\u00e7a, agora s\u00e3o vistos com desconfian\u00e7a, como se estivessem ali n\u00e3o para servir ao povo, mas para se servir do poder. O resultado \u00e9 um ciclo vicioso: a corrup\u00e7\u00e3o afasta os participantes, que, por sua vez, deixam de participar do processo democr\u00e1tico, facilitando ainda mais o caminho para aqueles que desejam tirar proveitos do sistema.<\/p>\n<p>E assim, uma cidade que j\u00e1 foi s\u00edmbolo de esperan\u00e7a e mudan\u00e7a, hoje se v\u00ea mergulhada em um mar de apatia. O que antes era um dever c\u00edvico, agora \u00e9 uma obriga\u00e7\u00e3o desmotivada. A confian\u00e7a, elemento essencial em qualquer democracia, parece cada vez distante.<\/p>\n<p>Mas nem tudo est\u00e1 perdido. Ainda existem aqueles que acreditam na for\u00e7a do voto, que apostam que a mudan\u00e7a \u00e9 poss\u00edvel, mesmo que lenta e \u00e1rdua. Talvez seja esse o fio de esperan\u00e7a que ainda mant\u00e9m de p\u00e9 o processo eleitoral. Porque, no fim, a democracia n\u00e3o \u00e9 feita apenas de votos, mas de cidad\u00e3os que, apesar de tudo, ainda acreditam em um futuro melhor.<\/p>\n<p>Essa esperan\u00e7a, apostam candidatos que prometem mudan\u00e7as, n\u00e3o deve se perder. Eles avaliam que a confian\u00e7a possa um dia ser restaurada. E que a pol\u00edtica, em sua ess\u00eancia, volte a ser o que deveria: um servi\u00e7o ao bem comum, e n\u00e3o um meio para a satisfa\u00e7\u00e3o pessoal. Porque, afinal, a cidade \u00e9 feita por e para seus habitantes, e n\u00e3o para aqueles que, momentaneamente, ocupam suas cargas de olho no pr\u00f3prio umbigo.<\/p>\n","protected":false},"excerpt":{"rendered":"<p>O povo nordestino j\u00e1 n\u00e3o tem mais confian\u00e7a em nossos pol\u00edticos. Isso vem sendo verificado nas \u00faltimas 72 horas, com o in\u00edcio da campanha eleitoral para disputar cargos de prefeitos e vereadores. Percorrendo o vasto sert\u00e3o, observa-se em uma pequena cidade que a pra\u00e7a central, outrora ponto de encontro para conversas amenas e jogos de [&hellip;]<\/p>\n","protected":false},"author":2,"featured_media":12501,"comment_status":"closed","ping_status":"closed","sticky":false,"template":"","format":"standard","meta":{"_acf_changed":false,"footnotes":""},"categories":[165],"tags":[],"class_list":["post-334910","post","type-post","status-publish","format-standard","has-post-thumbnail","hentry","category-nordeste"],"acf":[],"_links":{"self":[{"href":"https:\/\/www.notibras.com\/site\/wp-json\/wp\/v2\/posts\/334910","targetHints":{"allow":["GET"]}}],"collection":[{"href":"https:\/\/www.notibras.com\/site\/wp-json\/wp\/v2\/posts"}],"about":[{"href":"https:\/\/www.notibras.com\/site\/wp-json\/wp\/v2\/types\/post"}],"author":[{"embeddable":true,"href":"https:\/\/www.notibras.com\/site\/wp-json\/wp\/v2\/users\/2"}],"replies":[{"embeddable":true,"href":"https:\/\/www.notibras.com\/site\/wp-json\/wp\/v2\/comments?post=334910"}],"version-history":[{"count":3,"href":"https:\/\/www.notibras.com\/site\/wp-json\/wp\/v2\/posts\/334910\/revisions"}],"predecessor-version":[{"id":334913,"href":"https:\/\/www.notibras.com\/site\/wp-json\/wp\/v2\/posts\/334910\/revisions\/334913"}],"wp:featuredmedia":[{"embeddable":true,"href":"https:\/\/www.notibras.com\/site\/wp-json\/wp\/v2\/media\/12501"}],"wp:attachment":[{"href":"https:\/\/www.notibras.com\/site\/wp-json\/wp\/v2\/media?parent=334910"}],"wp:term":[{"taxonomy":"category","embeddable":true,"href":"https:\/\/www.notibras.com\/site\/wp-json\/wp\/v2\/categories?post=334910"},{"taxonomy":"post_tag","embeddable":true,"href":"https:\/\/www.notibras.com\/site\/wp-json\/wp\/v2\/tags?post=334910"}],"curies":[{"name":"wp","href":"https:\/\/api.w.org\/{rel}","templated":true}]}}