{"id":334922,"date":"2024-08-20T00:54:30","date_gmt":"2024-08-20T03:54:30","guid":{"rendered":"https:\/\/www.notibras.com\/site\/?p=334922"},"modified":"2024-08-20T04:10:40","modified_gmt":"2024-08-20T07:10:40","slug":"joao-pessoa-caminha-para-baixa-renovacao-na-camara-municipal","status":"publish","type":"post","link":"https:\/\/www.notibras.com\/site\/joao-pessoa-caminha-para-baixa-renovacao-na-camara-municipal\/","title":{"rendered":"Jo\u00e3o Pessoa caminha para baixa renova\u00e7\u00e3o na C\u00e2mara Municipal"},"content":{"rendered":"<p>A atua\u00e7\u00e3o destacada dos vereadores de Jo\u00e3o Pessoa tem se mostrado um fator decisivo para suas campanhas de reelei\u00e7\u00e3o nas elei\u00e7\u00f5es de outubro. Com iniciativas que beneficiam suas comunidades, muitos parlamentares locais ganham o apoio dos eleitores, tornando a disputa pela manuten\u00e7\u00e3o dos seus cargos mais f\u00e1cil, para ocuparem gabinetes j\u00e1 na nova Casa legislativa.<\/p>\n<p>Os vereadores demonstrara ao longo dos \u00faltimos quatro anos foco em quest\u00f5es importantes, como melhorias na infraestrutura, sa\u00fade, educa\u00e7\u00e3o, e seguran\u00e7a, al\u00e9m de serem mais pr\u00f3ximos dos moradores, ouvindo suas demandas e agindo de forma r\u00e1pida. Essa proximidade com a popula\u00e7\u00e3o \u00e9 vista como uma vantagem, j\u00e1 que fortalece a imagem dos pol\u00edticos como representantes genu\u00ednos dos interesses da sociedade.<\/p>\n<p>Com as elei\u00e7\u00f5es se aproximando, a tend\u00eancia \u00e9 que aqueles que mantiveram um trabalho consistente e eficaz ao longo de seus mandatos tenham mais facilidade para se reelegerem. As apostas s\u00e3o que as urnas confirmam esse cen\u00e1rio, com muitos dos vereadores atuais conseguindo renovar seus mandatos gra\u00e7as ao reconhecimento dos concorrentes pelo trabalho realizado.<\/p>\n<p>A expectativa no meio pol\u00edtico \u00e9 de uma renova\u00e7\u00e3o m\u00ednima na C\u00e2mara Municipal. Historicamente, a manuten\u00e7\u00e3o dos vereadores em seus cargas \u00e9 impulsionada pelo trabalho voltado para o povo, que \u00e9 frequentemente enfatizado durante as campanhas. Muitos candidatos titulares utilizam seus mandatos para promover a\u00e7\u00f5es que beneficiem diretamente as comunidades, ou que garantam a fidelidade deles.<\/p>\n<p>Essa estrat\u00e9gia, embora eficaz para a reelei\u00e7\u00e3o, pode consequentemente limitar a renova\u00e7\u00e3o pol\u00edtica na C\u00e2mara. A popula\u00e7\u00e3o, acostumada com essas pr\u00e1ticas, tende a votar naqueles que j\u00e1 descobriram algum tipo de benef\u00edcio tang\u00edvel, criando um ciclo onde novas ideias e representa\u00e7\u00f5es ficam em segundo plano.<\/p>\n<p>A previs\u00e3o de pouca renova\u00e7\u00e3o tamb\u00e9m reflete o cen\u00e1rio pol\u00edtico atual, onde a busca pela estabilidade em tempos de incerteza pode levar os eleitores a optarem pela continuidade. Al\u00e9m disso, o poder de influ\u00eancia dos vereadores que j\u00e1 possuem mandatos, atrav\u00e9s de redes de apoio constru\u00eddas ao longo dos anos, coloca novos candidatos em desvantagem.<\/p>\n","protected":false},"excerpt":{"rendered":"<p>A atua\u00e7\u00e3o destacada dos vereadores de Jo\u00e3o Pessoa tem se mostrado um fator decisivo para suas campanhas de reelei\u00e7\u00e3o nas elei\u00e7\u00f5es de outubro. Com iniciativas que beneficiam suas comunidades, muitos parlamentares locais ganham o apoio dos eleitores, tornando a disputa pela manuten\u00e7\u00e3o dos seus cargos mais f\u00e1cil, para ocuparem gabinetes j\u00e1 na nova Casa legislativa. [&hellip;]<\/p>\n","protected":false},"author":2,"featured_media":334923,"comment_status":"closed","ping_status":"closed","sticky":false,"template":"","format":"standard","meta":{"_acf_changed":false,"footnotes":""},"categories":[165],"tags":[],"class_list":["post-334922","post","type-post","status-publish","format-standard","has-post-thumbnail","hentry","category-nordeste"],"acf":[],"_links":{"self":[{"href":"https:\/\/www.notibras.com\/site\/wp-json\/wp\/v2\/posts\/334922","targetHints":{"allow":["GET"]}}],"collection":[{"href":"https:\/\/www.notibras.com\/site\/wp-json\/wp\/v2\/posts"}],"about":[{"href":"https:\/\/www.notibras.com\/site\/wp-json\/wp\/v2\/types\/post"}],"author":[{"embeddable":true,"href":"https:\/\/www.notibras.com\/site\/wp-json\/wp\/v2\/users\/2"}],"replies":[{"embeddable":true,"href":"https:\/\/www.notibras.com\/site\/wp-json\/wp\/v2\/comments?post=334922"}],"version-history":[{"count":1,"href":"https:\/\/www.notibras.com\/site\/wp-json\/wp\/v2\/posts\/334922\/revisions"}],"predecessor-version":[{"id":334924,"href":"https:\/\/www.notibras.com\/site\/wp-json\/wp\/v2\/posts\/334922\/revisions\/334924"}],"wp:featuredmedia":[{"embeddable":true,"href":"https:\/\/www.notibras.com\/site\/wp-json\/wp\/v2\/media\/334923"}],"wp:attachment":[{"href":"https:\/\/www.notibras.com\/site\/wp-json\/wp\/v2\/media?parent=334922"}],"wp:term":[{"taxonomy":"category","embeddable":true,"href":"https:\/\/www.notibras.com\/site\/wp-json\/wp\/v2\/categories?post=334922"},{"taxonomy":"post_tag","embeddable":true,"href":"https:\/\/www.notibras.com\/site\/wp-json\/wp\/v2\/tags?post=334922"}],"curies":[{"name":"wp","href":"https:\/\/api.w.org\/{rel}","templated":true}]}}