{"id":334925,"date":"2024-08-20T00:15:43","date_gmt":"2024-08-20T03:15:43","guid":{"rendered":"https:\/\/www.notibras.com\/site\/?p=334925"},"modified":"2024-08-20T04:18:04","modified_gmt":"2024-08-20T07:18:04","slug":"candidatos-e-professores-avaliam-provas-do-cnu","status":"publish","type":"post","link":"https:\/\/www.notibras.com\/site\/candidatos-e-professores-avaliam-provas-do-cnu\/","title":{"rendered":"Candidatos e professores avaliam provas do CNU"},"content":{"rendered":"<p>A segunda-feira foi marcada por an\u00e1lises do conte\u00fado das quest\u00f5es, corre\u00e7\u00e3o extraoficial e coment\u00e1rios sobre as provas do Concurso Unificado, que foram aplicadas nesse domingo (18). O tema dominou as redes sociais, enquanto os candidatos vivem momentos de espera pela publica\u00e7\u00e3o dos gabaritos oficiais preliminares, na p\u00e1gina do concurso, prevista para esta ter\u00e7a-feira (20).<\/p>\n<p>A criadora de conte\u00fado digital e advogada, Rebeca Velozo, por exemplo, compartilhou em sua conta do Instagram as impress\u00f5es dela sobre as provas. Ela fez o exame no Recife, para o bloco tem\u00e1tico 7, o de Gest\u00e3o Governamental e Administra\u00e7\u00e3o P\u00fablica. Rebeca contou que vinha estudando para carreiras jur\u00eddicas antes do concurso unificado e, segundo ela, os temas foram mais gen\u00e9ricos. Por isso, a advogada admite n\u00e3o ter se debru\u00e7ado aos estudos para uma prepara\u00e7\u00e3o eficaz e prestou a prova para conferir o novo formato.<\/p>\n<p>&#8220;\u00c9 melhor do que os [concursos] de decoreba. A proposta, desde o in\u00edcio, era de n\u00e3o querer uma pessoa que decore, mas, uma pessoa que entenda. As quest\u00f5es trouxeram um contexto, uma historinha e cobraram um conceito. O que [os organizadores do concurso] querem \u00e9 que voc\u00ea saiba aquele assunto e consiga responder \u00e0 quest\u00e3o, muito mais do que lembrar de coisas muito espec\u00edficas. E um concurso p\u00fablico precisa ser uma grande peneira para filtrar as pessoas que v\u00e3o para a segunda etapa do concurso&#8221;, disse a concurseira \u00e0 Ag\u00eancia Brasil.<\/p>\n<p>J\u00e1 a jornalista Raquel Monteath achou que as provas, tamb\u00e9m do bloco tem\u00e1tico 7, foram cansativas, mas bem elaboradas. &#8220;A reda\u00e7\u00e3o foi bem tranquila e adorei o tema sobre a situa\u00e7\u00e3o do preso no sistema prisional e a atua\u00e7\u00e3o do agente penitenci\u00e1rio. Na parte da tarde, as quest\u00f5es da parte espec\u00edfica foram cansativas. Houve aquele esfor\u00e7o f\u00edsico e foi complicado voltar do almo\u00e7o, aquela agonia do tr\u00e2nsito em Recife. Nada \u00e9 fluido e tudo impacta&#8221;, relembrou. Ela tamb\u00e9m disse ter se surpreendido com o \u00edndice de absten\u00e7\u00e3o, acima de 50%.<\/p>\n<p>&#8220;Quando o concurso foi adiado, senti que muita gente pensou: &#8216;agora \u00e9 a minha chance&#8217;. Como passou de maio para agosto, vai dar tempo.&#8217; Quem tinha estudado, teve mais chance de revisar os conte\u00fados e quem n\u00e3o tinha [estudado], ia come\u00e7ar. Por isso, fiquei surpreendida com o alto n\u00famero de absten\u00e7\u00f5es&#8221;, completou.<\/p>\n<p>Em Bras\u00edlia, a sanitarista La\u00eds Relvas prestou um concurso p\u00fablico pela primeira vez. La\u00eds se preparou para o processo seletivo em um curso online. &#8220;A prova foi extremamente interessante. Acredito que eles [do governo federal] buscaram, e v\u00e3o conseguir, selecionar um perfil de servidor p\u00fablico comprometido com a transforma\u00e7\u00e3o social, com os objetivos da administra\u00e7\u00e3o p\u00fablica, com a \u00e9tica, com os direitos humanos, com as minorias&#8221;, afirmou.<\/p>\n<p>Ela disse, no entanto, que seria melhor mais tempo para a prova discursiva. &#8220;Particularmente, acho que o tempo da manh\u00e3 poderia ser um pouco maior considerando a [prova] discursiva. Meu grande desafio foi a gest\u00e3o do tempo. Eu terminei a reda\u00e7\u00e3o do jeito que foi poss\u00edvel &#8220;, contou.<\/p>\n<p>Sem ter se dedicado ao concurso, a assessora de imprensa L\u00eddia Maia, que prestou a prova na Ceil\u00e2ndia (DF), acredita n\u00e3o ter chance de aprova\u00e7\u00e3o no CNU e que, agora, vai focar nas provas do Tribunal Superior Eleitoral (TSE), a serem aplicadas em 8 de dezembro. &#8220;A prova foi bem t\u00e9cnica e muito cansativa, por ser o dia todo. N\u00e3o gostei do formato. Pela manh\u00e3, o tempo foi pouco para fazer a reda\u00e7\u00e3o e as quest\u00f5es. Meu foco, agora, ser\u00e1 o concurso do TSE Unificado.&#8221;<\/p>\n<p><strong>Palavra de professor<\/strong><br \/>\nO professor de portugu\u00eas e administra\u00e7\u00e3o, Eduardo Cambuy, disse \u00e0 Ag\u00eancia Brasil que as dificuldades das provas estavam equilibradas, com quest\u00f5es de compreens\u00e3o mais simples e outras mais complexas. &#8220;O grande diferencial foi a forma como foi cobrada. Ao inv\u00e9s de uma pergunta mais direta e objetiva, havia sempre uma contextualiza\u00e7\u00e3o que o candidato precisava interpretar o texto em cima, verificar os gabaritos abaixo para ver qual resposta n\u00e3o respondia ao texto acima, porque sem fazer isso, por exemplo, o candidato poderia ter v\u00e1rias respostas poss\u00edveis no gabarito&#8221;.<\/p>\n<p>Sobre a absten\u00e7\u00e3o de 54% dos inscritos, o professor afirmou que o percentual era esperado devido ao n\u00famero expressivo de candidatos e pela demora na realiza\u00e7\u00e3o do concurso, ap\u00f3s o adiamento de maio para agosto, justificado pelas chuvas no Rio Grande do Sul. &#8220;Concursos com menos inscritos t\u00eam um percentual de 25% a 30% de absten\u00e7\u00e3o. Concursos que batem 800 mil a 1 milh\u00e3o de inscritos, normalmente, t\u00eam uma absten\u00e7\u00e3o maior. O do Banco do Brasil teve mais de 1 milh\u00e3o de inscritos e 50% de absten\u00e7\u00e3o. Como teve um espa\u00e7o de tempo, por causa do adiamento do concurso, houve um des\u00e2nimo, muitas pessoas acreditaram que n\u00e3o iam sustentar o estudo ao longo do tempo. E durante o percurso, muitos outros concursos foram abertos, as pessoas foram desviando para outras oportunidades que j\u00e1 estavam esperando&#8221;.<\/p>\n<p>O professor observou que n\u00e3o houve prova de l\u00edngua portuguesa, o que tornou o certame bem diferente dos tradicionais. &#8220;Acho compreens\u00edvel n\u00e3o ter quest\u00f5es de l\u00edngua portuguesa para focar na parte mais tem\u00e1tica e relevante. \u00c9 mais espa\u00e7o que a gente tem para cobran\u00e7a de assuntos de conte\u00fado do cargo. Inform\u00e1tica e portugu\u00eas s\u00e3o assuntos que s\u00e3o quase pr\u00e9-requisitos. Ent\u00e3o, esse tipo de refor\u00e7o n\u00e3o, necessariamente, seleciona candidatos, Essa foi a escolha do CNU e acho que pode manter assim, desde que tenha uma reda\u00e7\u00e3o para avaliar a compet\u00eancia lingu\u00edstica na escrita.&#8221;<\/p>\n<p>O especialista defende que o modelo deve ter outras edi\u00e7\u00f5es e ser usado para sele\u00e7\u00e3o de servidores p\u00fablicos de outros Poderes. No entanto, destacou que \u00e9 preciso aprimorar pontos como o tempo de dura\u00e7\u00e3o, a distribui\u00e7\u00e3o de mat\u00e9rias cobradas e evitar n\u00famero excessivo de retifica\u00e7\u00f5es de editais. &#8220;Algumas retifica\u00e7\u00f5es prejudicaram muitos alunos, mudando a regra do jogo em cima da hora&#8221;, concluiu o professor Cambuy.<\/p>\n<p><strong>Elimina\u00e7\u00e3o<\/strong><br \/>\nO Minist\u00e9rio da Gest\u00e3o e da Inova\u00e7\u00e3o em Servi\u00e7os P\u00fablicos informou nesta segunda-feira (19) que os candidatos do Concurso P\u00fablico Nacional Unificado (CNU) que n\u00e3o preencheram toda a identifica\u00e7\u00e3o do cart\u00e3o de respostas ser\u00e3o eliminados.<\/p>\n<p>Como o concurso tinha v\u00e1rios tipos de prova, era preciso identificar a prova no cart\u00e3o-resposta, onde \u00e9 marcado o gabarito. O edital do CNU informa que o candidato dever\u00e1 marcar o tipo de prova que consta na capa da sua prova nos respectivos cart\u00f5es-resposta, sob pena de elimina\u00e7\u00e3o. A informa\u00e7\u00e3o tamb\u00e9m estava escrita na primeira p\u00e1gina de todas as provas do concurso.<\/p>\n<p><strong>CNU<\/strong><br \/>\nO Concurso P\u00fablico Nacional Unificado contou com inscri\u00e7\u00f5es de 2,1 milh\u00f5es de candidatos, por\u00e9m, o registro \u00e9 de que cerca de 1 milh\u00e3o de inscritos participaram das provas.<\/p>\n<p>Os cadernos de provas j\u00e1 est\u00e3o dispon\u00edveis para consulta . O gabarito preliminar ser\u00e1 disponibilizado nesta ter\u00e7a-feira (20).<\/p>\n<p>A divulga\u00e7\u00e3o do resultado definitivo est\u00e1 prevista para 21 de novembro e a etapa de convoca\u00e7\u00e3o para posse e realiza\u00e7\u00e3o de cursos de forma\u00e7\u00e3o ser\u00e1 iniciada em janeiro de 2025.<\/p>\n","protected":false},"excerpt":{"rendered":"<p>A segunda-feira foi marcada por an\u00e1lises do conte\u00fado das quest\u00f5es, corre\u00e7\u00e3o extraoficial e coment\u00e1rios sobre as provas do Concurso Unificado, que foram aplicadas nesse domingo (18). O tema dominou as redes sociais, enquanto os candidatos vivem momentos de espera pela publica\u00e7\u00e3o dos gabaritos oficiais preliminares, na p\u00e1gina do concurso, prevista para esta ter\u00e7a-feira (20). A [&hellip;]<\/p>\n","protected":false},"author":2,"featured_media":334926,"comment_status":"closed","ping_status":"closed","sticky":false,"template":"","format":"standard","meta":{"_acf_changed":false,"footnotes":""},"categories":[161],"tags":[],"class_list":["post-334925","post","type-post","status-publish","format-standard","has-post-thumbnail","hentry","category-quadradinho-em-foco"],"acf":[],"_links":{"self":[{"href":"https:\/\/www.notibras.com\/site\/wp-json\/wp\/v2\/posts\/334925","targetHints":{"allow":["GET"]}}],"collection":[{"href":"https:\/\/www.notibras.com\/site\/wp-json\/wp\/v2\/posts"}],"about":[{"href":"https:\/\/www.notibras.com\/site\/wp-json\/wp\/v2\/types\/post"}],"author":[{"embeddable":true,"href":"https:\/\/www.notibras.com\/site\/wp-json\/wp\/v2\/users\/2"}],"replies":[{"embeddable":true,"href":"https:\/\/www.notibras.com\/site\/wp-json\/wp\/v2\/comments?post=334925"}],"version-history":[{"count":1,"href":"https:\/\/www.notibras.com\/site\/wp-json\/wp\/v2\/posts\/334925\/revisions"}],"predecessor-version":[{"id":334927,"href":"https:\/\/www.notibras.com\/site\/wp-json\/wp\/v2\/posts\/334925\/revisions\/334927"}],"wp:featuredmedia":[{"embeddable":true,"href":"https:\/\/www.notibras.com\/site\/wp-json\/wp\/v2\/media\/334926"}],"wp:attachment":[{"href":"https:\/\/www.notibras.com\/site\/wp-json\/wp\/v2\/media?parent=334925"}],"wp:term":[{"taxonomy":"category","embeddable":true,"href":"https:\/\/www.notibras.com\/site\/wp-json\/wp\/v2\/categories?post=334925"},{"taxonomy":"post_tag","embeddable":true,"href":"https:\/\/www.notibras.com\/site\/wp-json\/wp\/v2\/tags?post=334925"}],"curies":[{"name":"wp","href":"https:\/\/api.w.org\/{rel}","templated":true}]}}