{"id":334943,"date":"2024-08-20T05:02:36","date_gmt":"2024-08-20T08:02:36","guid":{"rendered":"https:\/\/www.notibras.com\/site\/?p=334943"},"modified":"2024-08-20T05:02:36","modified_gmt":"2024-08-20T08:02:36","slug":"chegou-o-dia-da-segunda-e-ultima-chamada-do-prouni","status":"publish","type":"post","link":"https:\/\/www.notibras.com\/site\/chegou-o-dia-da-segunda-e-ultima-chamada-do-prouni\/","title":{"rendered":"Chegou o dia da segunda (e \u00faltima) chamada do Prouni"},"content":{"rendered":"<p>O Minist\u00e9rio da Educa\u00e7\u00e3o (MEC) divulga nesta ter\u00e7a-feira (20) o resultado da segunda chamada do Programa Universidade Para Todos (Prouni) 2024. A lista ser\u00e1 disponibilizada no Portal \u00danico de Acesso ao Ensino Superior.<\/p>\n<p>O Prouni oferta bolsas de estudo, integrais e parciais (50% do valor da mensalidade do curso), em cursos de gradua\u00e7\u00e3o e sequenciais de forma\u00e7\u00e3o espec\u00edfica, em institui\u00e7\u00f5es de educa\u00e7\u00e3o superior privadas.<\/p>\n<p>O candidato pr\u00e9-selecionado deve comprovar renda familiar bruta mensal de at\u00e9 1,5 sal\u00e1rio m\u00ednimo por pessoa para obter a bolsa integral, que cobre a totalidade do valor da mensalidade do curso. J\u00e1 para a bolsa parcial, a renda mensal per capita exigida \u00e9 de at\u00e9 tr\u00eas sal\u00e1rios m\u00ednimos.<\/p>\n<p>O prazo para manifesta\u00e7\u00e3o de interesse na lista de espera vai do dia 9 ao dia 10 de setembro; e o resultado da lista de espera sair\u00e1 em 13 de setembro.<\/p>\n","protected":false},"excerpt":{"rendered":"<p>O Minist\u00e9rio da Educa\u00e7\u00e3o (MEC) divulga nesta ter\u00e7a-feira (20) o resultado da segunda chamada do Programa Universidade Para Todos (Prouni) 2024. A lista ser\u00e1 disponibilizada no Portal \u00danico de Acesso ao Ensino Superior. O Prouni oferta bolsas de estudo, integrais e parciais (50% do valor da mensalidade do curso), em cursos de gradua\u00e7\u00e3o e sequenciais [&hellip;]<\/p>\n","protected":false},"author":2,"featured_media":334944,"comment_status":"closed","ping_status":"closed","sticky":false,"template":"","format":"standard","meta":{"_acf_changed":false,"footnotes":""},"categories":[161],"tags":[],"class_list":["post-334943","post","type-post","status-publish","format-standard","has-post-thumbnail","hentry","category-quadradinho-em-foco"],"acf":[],"_links":{"self":[{"href":"https:\/\/www.notibras.com\/site\/wp-json\/wp\/v2\/posts\/334943","targetHints":{"allow":["GET"]}}],"collection":[{"href":"https:\/\/www.notibras.com\/site\/wp-json\/wp\/v2\/posts"}],"about":[{"href":"https:\/\/www.notibras.com\/site\/wp-json\/wp\/v2\/types\/post"}],"author":[{"embeddable":true,"href":"https:\/\/www.notibras.com\/site\/wp-json\/wp\/v2\/users\/2"}],"replies":[{"embeddable":true,"href":"https:\/\/www.notibras.com\/site\/wp-json\/wp\/v2\/comments?post=334943"}],"version-history":[{"count":1,"href":"https:\/\/www.notibras.com\/site\/wp-json\/wp\/v2\/posts\/334943\/revisions"}],"predecessor-version":[{"id":334945,"href":"https:\/\/www.notibras.com\/site\/wp-json\/wp\/v2\/posts\/334943\/revisions\/334945"}],"wp:featuredmedia":[{"embeddable":true,"href":"https:\/\/www.notibras.com\/site\/wp-json\/wp\/v2\/media\/334944"}],"wp:attachment":[{"href":"https:\/\/www.notibras.com\/site\/wp-json\/wp\/v2\/media?parent=334943"}],"wp:term":[{"taxonomy":"category","embeddable":true,"href":"https:\/\/www.notibras.com\/site\/wp-json\/wp\/v2\/categories?post=334943"},{"taxonomy":"post_tag","embeddable":true,"href":"https:\/\/www.notibras.com\/site\/wp-json\/wp\/v2\/tags?post=334943"}],"curies":[{"name":"wp","href":"https:\/\/api.w.org\/{rel}","templated":true}]}}