{"id":334946,"date":"2024-08-20T05:10:05","date_gmt":"2024-08-20T08:10:05","guid":{"rendered":"https:\/\/www.notibras.com\/site\/?p=334946"},"modified":"2024-08-20T05:10:05","modified_gmt":"2024-08-20T08:10:05","slug":"usuario-critica-ma-qualidade-do-servico-de-transporte-urbano","status":"publish","type":"post","link":"https:\/\/www.notibras.com\/site\/usuario-critica-ma-qualidade-do-servico-de-transporte-urbano\/","title":{"rendered":"Usu\u00e1rio critica m\u00e1 qualidade do servi\u00e7o de transporte urbano"},"content":{"rendered":"<p>Os moradores de Bras\u00edlia expressam crescente insatisfa\u00e7\u00e3o com a qualidade do servi\u00e7o de transporte p\u00fablico na capital federal. Os usu\u00e1rios de \u00f4nibus e metr\u00f4 relatam uma s\u00e9rie de problemas, que incluem atrasos frequentes, superlota\u00e7\u00e3o, falta de manuten\u00e7\u00e3o adequada dos ve\u00edculos e pouca cobertura das linhas de \u00f4nibus em \u00e1reas perif\u00e9ricas.<\/p>\n<p>Segundo relatos, os atrasos s\u00e3o uma das principais queixas. Passageiros que dependem dos \u00f4nibus para se deslocar ao trabalho, \u00e0 escola ou a outros compromissos di\u00e1rios afirmam que a falta de pontualidade tem um impacto direto em suas vidas, causando transtornos e obrigando muitos a sair de casa com horas de anteced\u00eancia para garantir que chegar\u00e3o a tempo aos seus destinos.<\/p>\n<p>Outro ponto cr\u00edtico \u00e9 a superlota\u00e7\u00e3o de ve\u00edculos, especialmente nos hor\u00e1rios do pico. Com a alta demanda e a falta de op\u00e7\u00f5es de transporte eficientes, os usu\u00e1rios s\u00e3o obrigados a enfrentar viagens em p\u00e9, em \u00f4nibus lotados, o que torna o trajeto desconfort\u00e1vel e, muitas vezes, inseguros.<\/p>\n<p>A manuten\u00e7\u00e3o dos ve\u00edculos tamb\u00e9m foi apontada como deficiente. Diversos passageiros relatam a ocorr\u00eancia frequente de panes mec\u00e2nicas durante as viagens, o que acaba gerando mais atrasos e transtornos.<\/p>\n<p>Al\u00e9m disso, os moradores das \u00e1reas perif\u00e9ricas da cidade destacam a baixa cobertura das linhas de \u00f4nibus em suas regi\u00f5es, obrigando-os a percorrer longas dist\u00e2ncias a p\u00e9 at\u00e9 os pontos de parada mais pr\u00f3ximos, o que aumenta o tempo e o desgaste da viagem.<\/p>\n<p>Em resposta \u00e0s cr\u00edticas, a Secretaria de Transporte e Mobilidade do Distrito Federal afirmou que est\u00e1 ciente dos problemas e que h\u00e1 planos para melhorar a infraestrutura do transporte p\u00fablico na cidade. Entre as medidas prometidas, est\u00e3o a renova\u00e7\u00e3o da frota de \u00f4nibus, a amplia\u00e7\u00e3o das linhas e a melhoria da manuten\u00e7\u00e3o dos ve\u00edculos.<\/p>\n<p>Entretanto, para os brasilienses, as mudan\u00e7as ainda parecem distantes, e muitos continuam a enfrentar dificuldades di\u00e1rias em seus deslocamentos pela cidade. A press\u00e3o popular para que as autoridades tomem medidas concretas e imediatas para solucionar os problemas \u00e9 crescente, enquanto os usu\u00e1rios aguardam por um servi\u00e7o de transporte p\u00fablico mais eficiente e de qualidade.<\/p>\n","protected":false},"excerpt":{"rendered":"<p>Os moradores de Bras\u00edlia expressam crescente insatisfa\u00e7\u00e3o com a qualidade do servi\u00e7o de transporte p\u00fablico na capital federal. Os usu\u00e1rios de \u00f4nibus e metr\u00f4 relatam uma s\u00e9rie de problemas, que incluem atrasos frequentes, superlota\u00e7\u00e3o, falta de manuten\u00e7\u00e3o adequada dos ve\u00edculos e pouca cobertura das linhas de \u00f4nibus em \u00e1reas perif\u00e9ricas. Segundo relatos, os atrasos s\u00e3o [&hellip;]<\/p>\n","protected":false},"author":2,"featured_media":124881,"comment_status":"closed","ping_status":"closed","sticky":false,"template":"","format":"standard","meta":{"_acf_changed":false,"footnotes":""},"categories":[161],"tags":[],"class_list":["post-334946","post","type-post","status-publish","format-standard","has-post-thumbnail","hentry","category-quadradinho-em-foco"],"acf":[],"_links":{"self":[{"href":"https:\/\/www.notibras.com\/site\/wp-json\/wp\/v2\/posts\/334946","targetHints":{"allow":["GET"]}}],"collection":[{"href":"https:\/\/www.notibras.com\/site\/wp-json\/wp\/v2\/posts"}],"about":[{"href":"https:\/\/www.notibras.com\/site\/wp-json\/wp\/v2\/types\/post"}],"author":[{"embeddable":true,"href":"https:\/\/www.notibras.com\/site\/wp-json\/wp\/v2\/users\/2"}],"replies":[{"embeddable":true,"href":"https:\/\/www.notibras.com\/site\/wp-json\/wp\/v2\/comments?post=334946"}],"version-history":[{"count":1,"href":"https:\/\/www.notibras.com\/site\/wp-json\/wp\/v2\/posts\/334946\/revisions"}],"predecessor-version":[{"id":334947,"href":"https:\/\/www.notibras.com\/site\/wp-json\/wp\/v2\/posts\/334946\/revisions\/334947"}],"wp:featuredmedia":[{"embeddable":true,"href":"https:\/\/www.notibras.com\/site\/wp-json\/wp\/v2\/media\/124881"}],"wp:attachment":[{"href":"https:\/\/www.notibras.com\/site\/wp-json\/wp\/v2\/media?parent=334946"}],"wp:term":[{"taxonomy":"category","embeddable":true,"href":"https:\/\/www.notibras.com\/site\/wp-json\/wp\/v2\/categories?post=334946"},{"taxonomy":"post_tag","embeddable":true,"href":"https:\/\/www.notibras.com\/site\/wp-json\/wp\/v2\/tags?post=334946"}],"curies":[{"name":"wp","href":"https:\/\/api.w.org\/{rel}","templated":true}]}}