{"id":334948,"date":"2024-08-20T05:06:03","date_gmt":"2024-08-20T08:06:03","guid":{"rendered":"https:\/\/www.notibras.com\/site\/?p=334948"},"modified":"2024-08-20T05:22:24","modified_gmt":"2024-08-20T08:22:24","slug":"faixas-apagadas-colocam-em-risco-vida-da-populacao","status":"publish","type":"post","link":"https:\/\/www.notibras.com\/site\/faixas-apagadas-colocam-em-risco-vida-da-populacao\/","title":{"rendered":"Faixas apagadas colocam em risco vida da popula\u00e7\u00e3o"},"content":{"rendered":"<p>A aus\u00eancia de faixas de pedestre vis\u00edveis nas ruas de Bras\u00edlia tem colocado em risco a seguran\u00e7a dos cidad\u00e3os. Em diversos pontos da cidade, as faixas ficam desbotadas ou completamente apagadas, tornando dif\u00edcil para os motoristas identific\u00e1-las e, consequentemente, respeit\u00e1-las. Esse problema se agrava ainda mais em \u00e1reas de grande circula\u00e7\u00e3o de pessoas, como escolas, hospitais e centros comerciais.<\/p>\n<p>Moradores relatam que a falta de manuten\u00e7\u00e3o adequada das sinaliza\u00e7\u00f5es vi\u00e1rias aumenta a inseguran\u00e7a, especialmente durante a noite ou em dias de chuva &#8211; embora a estiagem esteja em ponto cr\u00edtico -, quando a visibilidade j\u00e1 est\u00e1 comprometida. Pedestres t\u00eam queixa da imprud\u00eancia dos motoristas que, sem a refer\u00eancia visual da faixa, n\u00e3o param para dar passagem, aumentando o risco de atropelamentos.<\/p>\n<p>A Ouvidoria-Geral do GDF tem recebido in\u00fameras reclama\u00e7\u00f5es sobre a situa\u00e7\u00e3o, mas a resposta tem sido lenta. O governo do Distrito Federal afirma que est\u00e1 ciente do problema e que j\u00e1 existe um plano para revitalizar as faixas de pedestres, priorizando as \u00e1reas mais cr\u00edticas. No entanto, a popula\u00e7\u00e3o clama por a\u00e7\u00f5es mais r\u00e1pidas, destacando que a seguran\u00e7a no tr\u00e2nsito \u00e9 uma quest\u00e3o urgente.<\/p>\n<p>As autoridades locais foram pressionadas a agir rapidamente para restaurar as sinaliza\u00e7\u00f5es e garantir a seguran\u00e7a nas vias. A recomenda\u00e7\u00e3o \u00e9 que, enquanto as faixas n\u00e3o forem reativadas, os pedestres redobrem a aten\u00e7\u00e3o ao atravessar as ruas e que os motoristas sejam mais cautelosos. O problema \u00e9 que, a n\u00edvel de governo, ningu\u00e9m se entende: o Detran coloca a culpa na Novacap, que responde n\u00e3o ser essa sua obriga\u00e7\u00e3o.<\/p>\n","protected":false},"excerpt":{"rendered":"<p>A aus\u00eancia de faixas de pedestre vis\u00edveis nas ruas de Bras\u00edlia tem colocado em risco a seguran\u00e7a dos cidad\u00e3os. Em diversos pontos da cidade, as faixas ficam desbotadas ou completamente apagadas, tornando dif\u00edcil para os motoristas identific\u00e1-las e, consequentemente, respeit\u00e1-las. Esse problema se agrava ainda mais em \u00e1reas de grande circula\u00e7\u00e3o de pessoas, como escolas, [&hellip;]<\/p>\n","protected":false},"author":2,"featured_media":108158,"comment_status":"closed","ping_status":"closed","sticky":false,"template":"","format":"standard","meta":{"_acf_changed":false,"footnotes":""},"categories":[161],"tags":[],"class_list":["post-334948","post","type-post","status-publish","format-standard","has-post-thumbnail","hentry","category-quadradinho-em-foco"],"acf":[],"_links":{"self":[{"href":"https:\/\/www.notibras.com\/site\/wp-json\/wp\/v2\/posts\/334948","targetHints":{"allow":["GET"]}}],"collection":[{"href":"https:\/\/www.notibras.com\/site\/wp-json\/wp\/v2\/posts"}],"about":[{"href":"https:\/\/www.notibras.com\/site\/wp-json\/wp\/v2\/types\/post"}],"author":[{"embeddable":true,"href":"https:\/\/www.notibras.com\/site\/wp-json\/wp\/v2\/users\/2"}],"replies":[{"embeddable":true,"href":"https:\/\/www.notibras.com\/site\/wp-json\/wp\/v2\/comments?post=334948"}],"version-history":[{"count":1,"href":"https:\/\/www.notibras.com\/site\/wp-json\/wp\/v2\/posts\/334948\/revisions"}],"predecessor-version":[{"id":334949,"href":"https:\/\/www.notibras.com\/site\/wp-json\/wp\/v2\/posts\/334948\/revisions\/334949"}],"wp:featuredmedia":[{"embeddable":true,"href":"https:\/\/www.notibras.com\/site\/wp-json\/wp\/v2\/media\/108158"}],"wp:attachment":[{"href":"https:\/\/www.notibras.com\/site\/wp-json\/wp\/v2\/media?parent=334948"}],"wp:term":[{"taxonomy":"category","embeddable":true,"href":"https:\/\/www.notibras.com\/site\/wp-json\/wp\/v2\/categories?post=334948"},{"taxonomy":"post_tag","embeddable":true,"href":"https:\/\/www.notibras.com\/site\/wp-json\/wp\/v2\/tags?post=334948"}],"curies":[{"name":"wp","href":"https:\/\/api.w.org\/{rel}","templated":true}]}}