{"id":334953,"date":"2024-08-20T00:38:31","date_gmt":"2024-08-20T03:38:31","guid":{"rendered":"https:\/\/www.notibras.com\/site\/?p=334953"},"modified":"2024-08-20T05:41:12","modified_gmt":"2024-08-20T08:41:12","slug":"floracao-simultanea-de-ipes-embeleza-as-ruas-do-plano-piloto","status":"publish","type":"post","link":"https:\/\/www.notibras.com\/site\/floracao-simultanea-de-ipes-embeleza-as-ruas-do-plano-piloto\/","title":{"rendered":"Flora\u00e7\u00e3o simult\u00e2nea de ip\u00eas embeleza as ruas do Plano Piloto"},"content":{"rendered":"<p>Protagonistas nas ruas do Distrito Federal por embelezar ainda mais o Cerrado, segundo maior bioma do pa\u00eds, os ip\u00eas de cores diferentes tiveram as flora\u00e7\u00f5es praticamente ao mesmo tempo este ano, com \u00e1rvores roxas, brancas, amarelas e rosa em diversos pontos da cidade. Tudo gra\u00e7as \u00e0s altera\u00e7\u00f5es de clima e tempo registradas em 2024.<\/p>\n<p>De acordo com a bi\u00f3loga Maria Cristina de Oliveira, professora da Universidade de Bras\u00edlia (UnB), \u00e9 normal que os ip\u00eas fujam do cronograma previsto de flora\u00e7\u00e3o devido \u00e0s condi\u00e7\u00f5es clim\u00e1ticas: \u201cEles t\u00eam um padr\u00e3o, mas n\u00e3o \u00e9 uma regra, porque h\u00e1 outras quest\u00f5es que podem estar influenciando isso. A ordem costuma ser roxo, amarelo, rosa, branco e, por \u00faltimo, verde \u2013 mas a flora\u00e7\u00e3o dessas cores quase que ao mesmo tempo pode se dar por influ\u00eancias clim\u00e1ticas, incid\u00eancia de chuvas e temperaturas\u201d.<\/p>\n<p>No DF, a Companhia Urbanizadora da Nova Capital (Novacap) \u00e9 a encarregada pela coleta, o beneficiamento \u2013 t\u00e9cnicas para realizar a retirada de materiais indesej\u00e1veis, como sementes vazias, imaturas e quebradas \u2013 e o semeio. Atualmente s\u00e3o cerca de 270 mil ip\u00eas, de diversas cores, por toda a cidade. A previs\u00e3o \u00e9 de introduzir mais 40 mil mudas pelo Distrito Federal ainda neste ano.<\/p>\n<p>Para garantir a diversidade dos ip\u00eas plantados, as equipes da companhia percorrem outros estados em busca de novas sementes. \u201cCinco vezes por ano n\u00f3s vamos a Minas Gerais e Goi\u00e1s fazer expedi\u00e7\u00f5es de coletas para diversificar o nosso banco e pegar outras matrizes\u201d, explica Jana\u00edna Gonzales, chefe da Divis\u00e3o de Agronomia do Departamento de Parques e Jardins (DPJ) da Novacap. \u201cIsso \u00e9 importante para manter a popula\u00e7\u00e3o de esp\u00e9cies distintas e trazer mais diversidade \u00e0s plantas daqui\u201d.<\/p>\n<p><strong>Estrat\u00e9gia para poliniza\u00e7\u00e3o<\/strong><br \/>\nOs ip\u00eas s\u00e3o \u00e1rvores que se destacam pela resist\u00eancia \u00e0 seca e flores de cores vibrantes, que desabrocham no per\u00edodo de seca, quando muitas outras plantas est\u00e3o sem folhas. Para sobreviver aos seis meses de estiagem, essas \u00e1rvores desprendem suas folhas na esta\u00e7\u00e3o seca para reduzir a perda de \u00e1gua por meio da evapotranspira\u00e7\u00e3o.<\/p>\n<p>Cart\u00e3o-postal do DF, o ip\u00ea possui ra\u00edzes profundas que conseguem acessar fontes de \u00e1gua subterr\u00e2neas, permitindo que sobrevivam mesmo em condi\u00e7\u00f5es de estiagem prolongadas. As cores, variando entre amarelo, roxo, verde, rosa e branco, s\u00e3o importantes para atrair polinizadores como as abelhas. A flora\u00e7\u00e3o na seca faz com que os ip\u00eas se tornem ainda mais chamativos, j\u00e1 que, nesta \u00e9poca do ano, poucas plantas est\u00e3o florindo. Essa estrat\u00e9gia maximiza as chances de reprodu\u00e7\u00e3o da planta.<\/p>\n<p>\u201cOs frutos formados come\u00e7am a cair assim que come\u00e7a a chuva, dispersando as sementes e favorecendo a germina\u00e7\u00e3o para um novo indiv\u00edduo\u201d, ilustra Maria Cristina. \u201cNo per\u00edodo chuvoso, essa planta vai crescer, e, na pr\u00f3xima seca, ela estar\u00e1 estabelecida no solo, absorvendo \u00e1gua e sais.\u201d<\/p>\n<p>Os ip\u00eas s\u00e3o tombados como Patrim\u00f4nio Ecol\u00f3gico do Distrito Federal, e o seu cultivo n\u00e3o para. Das 100 mil \u00e1rvores que ser\u00e3o plantadas pela Novacap at\u00e9 o final deste ano, 40 mil s\u00e3o ip\u00eas \u2013 desses, 20 mil amarelos e os demais divididos entre outros tipos da esp\u00e9cie. A meta do Governo do Distrito Federal (GDF) \u00e9 chegar a um milh\u00e3o de \u00e1rvores.<\/p>\n","protected":false},"excerpt":{"rendered":"<p>Protagonistas nas ruas do Distrito Federal por embelezar ainda mais o Cerrado, segundo maior bioma do pa\u00eds, os ip\u00eas de cores diferentes tiveram as flora\u00e7\u00f5es praticamente ao mesmo tempo este ano, com \u00e1rvores roxas, brancas, amarelas e rosa em diversos pontos da cidade. Tudo gra\u00e7as \u00e0s altera\u00e7\u00f5es de clima e tempo registradas em 2024. De [&hellip;]<\/p>\n","protected":false},"author":2,"featured_media":334954,"comment_status":"closed","ping_status":"closed","sticky":false,"template":"","format":"standard","meta":{"_acf_changed":false,"footnotes":""},"categories":[161],"tags":[],"class_list":["post-334953","post","type-post","status-publish","format-standard","has-post-thumbnail","hentry","category-quadradinho-em-foco"],"acf":[],"_links":{"self":[{"href":"https:\/\/www.notibras.com\/site\/wp-json\/wp\/v2\/posts\/334953","targetHints":{"allow":["GET"]}}],"collection":[{"href":"https:\/\/www.notibras.com\/site\/wp-json\/wp\/v2\/posts"}],"about":[{"href":"https:\/\/www.notibras.com\/site\/wp-json\/wp\/v2\/types\/post"}],"author":[{"embeddable":true,"href":"https:\/\/www.notibras.com\/site\/wp-json\/wp\/v2\/users\/2"}],"replies":[{"embeddable":true,"href":"https:\/\/www.notibras.com\/site\/wp-json\/wp\/v2\/comments?post=334953"}],"version-history":[{"count":1,"href":"https:\/\/www.notibras.com\/site\/wp-json\/wp\/v2\/posts\/334953\/revisions"}],"predecessor-version":[{"id":334955,"href":"https:\/\/www.notibras.com\/site\/wp-json\/wp\/v2\/posts\/334953\/revisions\/334955"}],"wp:featuredmedia":[{"embeddable":true,"href":"https:\/\/www.notibras.com\/site\/wp-json\/wp\/v2\/media\/334954"}],"wp:attachment":[{"href":"https:\/\/www.notibras.com\/site\/wp-json\/wp\/v2\/media?parent=334953"}],"wp:term":[{"taxonomy":"category","embeddable":true,"href":"https:\/\/www.notibras.com\/site\/wp-json\/wp\/v2\/categories?post=334953"},{"taxonomy":"post_tag","embeddable":true,"href":"https:\/\/www.notibras.com\/site\/wp-json\/wp\/v2\/tags?post=334953"}],"curies":[{"name":"wp","href":"https:\/\/api.w.org\/{rel}","templated":true}]}}