{"id":334996,"date":"2024-08-20T12:05:52","date_gmt":"2024-08-20T15:05:52","guid":{"rendered":"https:\/\/www.notibras.com\/site\/?p=334996"},"modified":"2024-08-20T12:05:52","modified_gmt":"2024-08-20T15:05:52","slug":"inmet-alerta-sobre-riscos-da-umidade-em-so-12","status":"publish","type":"post","link":"https:\/\/www.notibras.com\/site\/inmet-alerta-sobre-riscos-da-umidade-em-so-12\/","title":{"rendered":"Inmet alerta sobre riscos da umidade em s\u00f3 12%"},"content":{"rendered":"<p>O Instituto Nacional de Meteorologia (Inmet) divulgou alertas sobre os riscos causados pela baixa umidade em diversas partes do pa\u00eds, com maior intensidade no Centro-Oeste e parte do Sudeste, onde a umidade relativa do ar poder\u00e1 ficar abaixo de 12%.<\/p>\n<p>A situa\u00e7\u00e3o mais preocupante, com alerta de \u201cgrande perigo\u201d, abrange a regi\u00e3o central do pa\u00eds, incluindo o oeste de Minas Gerais e o noroeste de S\u00e3o Paulo.<\/p>\n<p>De acordo com o aviso do Inmet, com umidade entre 12% e 20% h\u00e1 risco potencial de inc\u00eandios florestais e de problemas de sa\u00fade, em especial doen\u00e7as pulmonares, dores de cabe\u00e7a, ressecamento da pele e desconforto nos olhos, boca e nariz.<\/p>\n<p>As \u00e1reas mais afetadas s\u00e3o Distrito Federal, Goi\u00e1s, Mato Grosso, Mato Grosso do Sul, bem como \u00e1reas do Sudeste como S\u00e3o Jos\u00e9 do Rio Preto, Ribeir\u00e3o Preto e Ara\u00e7atuba, em S\u00e3o Paulo; Tri\u00e2ngulo Mineiro e Alto Parana\u00edba, em Minas Gerais.<\/p>\n<p>Nessas localidades, a indica\u00e7\u00e3o \u00e9 de que as pessoas bebam bastante l\u00edquido \u2013 mas que se evite bebidas diur\u00e9ticas como caf\u00e9 e \u00e1lcool \u2013 e que evitem atividades f\u00edsicas e exposi\u00e7\u00e3o ao sol nas horas mais quentes e secas do dia. \u00c9 tamb\u00e9m recomendado o uso de hidratante para a pele e que se umidifique o ambiente.<\/p>\n<p>O Inmet divulgou tamb\u00e9m um alerta de perigo potencial em uma \u00e1rea mais ampla, onde a umidade relativa do ar dever\u00e1 variar entre 20% e 30%, pegando n\u00e3o apenas Centro Oeste e Sudeste, como o Sul do pa\u00eds e a parte oeste do Nordeste, incluindo o oeste do Rio Grande do Norte, Para\u00edba, Pernambuco e Bahia, e boa parte do Maranh\u00e3o, Piau\u00ed e Cear\u00e1.<\/p>\n","protected":false},"excerpt":{"rendered":"<p>O Instituto Nacional de Meteorologia (Inmet) divulgou alertas sobre os riscos causados pela baixa umidade em diversas partes do pa\u00eds, com maior intensidade no Centro-Oeste e parte do Sudeste, onde a umidade relativa do ar poder\u00e1 ficar abaixo de 12%. A situa\u00e7\u00e3o mais preocupante, com alerta de \u201cgrande perigo\u201d, abrange a regi\u00e3o central do pa\u00eds, [&hellip;]<\/p>\n","protected":false},"author":2,"featured_media":334997,"comment_status":"closed","ping_status":"closed","sticky":false,"template":"","format":"standard","meta":{"_acf_changed":false,"footnotes":""},"categories":[161],"tags":[],"class_list":["post-334996","post","type-post","status-publish","format-standard","has-post-thumbnail","hentry","category-quadradinho-em-foco"],"acf":[],"_links":{"self":[{"href":"https:\/\/www.notibras.com\/site\/wp-json\/wp\/v2\/posts\/334996","targetHints":{"allow":["GET"]}}],"collection":[{"href":"https:\/\/www.notibras.com\/site\/wp-json\/wp\/v2\/posts"}],"about":[{"href":"https:\/\/www.notibras.com\/site\/wp-json\/wp\/v2\/types\/post"}],"author":[{"embeddable":true,"href":"https:\/\/www.notibras.com\/site\/wp-json\/wp\/v2\/users\/2"}],"replies":[{"embeddable":true,"href":"https:\/\/www.notibras.com\/site\/wp-json\/wp\/v2\/comments?post=334996"}],"version-history":[{"count":1,"href":"https:\/\/www.notibras.com\/site\/wp-json\/wp\/v2\/posts\/334996\/revisions"}],"predecessor-version":[{"id":334998,"href":"https:\/\/www.notibras.com\/site\/wp-json\/wp\/v2\/posts\/334996\/revisions\/334998"}],"wp:featuredmedia":[{"embeddable":true,"href":"https:\/\/www.notibras.com\/site\/wp-json\/wp\/v2\/media\/334997"}],"wp:attachment":[{"href":"https:\/\/www.notibras.com\/site\/wp-json\/wp\/v2\/media?parent=334996"}],"wp:term":[{"taxonomy":"category","embeddable":true,"href":"https:\/\/www.notibras.com\/site\/wp-json\/wp\/v2\/categories?post=334996"},{"taxonomy":"post_tag","embeddable":true,"href":"https:\/\/www.notibras.com\/site\/wp-json\/wp\/v2\/tags?post=334996"}],"curies":[{"name":"wp","href":"https:\/\/api.w.org\/{rel}","templated":true}]}}