{"id":335027,"date":"2024-08-21T05:50:33","date_gmt":"2024-08-21T08:50:33","guid":{"rendered":"https:\/\/www.notibras.com\/site\/?p=335027"},"modified":"2024-08-21T07:52:33","modified_gmt":"2024-08-21T10:52:33","slug":"pesquisa-aponta-204-mil-hectares-de-recifes-de-coral","status":"publish","type":"post","link":"https:\/\/www.notibras.com\/site\/pesquisa-aponta-204-mil-hectares-de-recifes-de-coral\/","title":{"rendered":"Pesquisa aponta 20,4 mil hectares de recifes de coral"},"content":{"rendered":"<p>Um mapeamento in\u00e9dito revelou 20,4 mil hectares de recifes de coral em \u00e1guas rasas na costa leste do Brasil. Os ambientes marinhos formados por calc\u00e1rio de corais e algas foram detectados por meio de sat\u00e9lites com sensores \u00f3ticos.<\/p>\n<p>\u201cA costa leste brasileira, sem grande descarga sedimentar de seus rios, possui \u00e1guas claras, com grande penetrabilidade \u00e0 luz. Este \u00e9 um dos fatores que explicam a grande concentra\u00e7\u00e3o de recifes de corais na regi\u00e3o\u201d, diz o pesquisador Cesar Diniz, da equipe de mapeamento da Zona Costeira do MapBiomas.<\/p>\n<p>O estudo integra a Cole\u00e7\u00e3o 9 de mapas anuais de cobertura e uso da terra do MapBiomas. Esse primeiro lan\u00e7amento &#8211; ainda em um estudo preliminar &#8211; \u00e9 sobre a extens\u00e3o dos recifes de corais e servir\u00e1 como base para um monitoramento completo capaz de acompanhar diversos fatores como temperatura da \u00e1gua, equil\u00edbrio dos ecossistemas e impactos das mudan\u00e7as clim\u00e1ticas nos servi\u00e7os ecossist\u00eamicos.<\/p>\n<p><strong>Mudan\u00e7as clim\u00e1ticas<\/strong><br \/>\nSegundo Diniz, o acompanhamento dos efeitos das mudan\u00e7as clim\u00e1ticas sobre esse ecossistema tem se mostrado necess\u00e1rio em decorr\u00eancia do aumento da temperatura m\u00e9dia dos oceanos e consequente branqueamento e morte de corais.<\/p>\n<p>\u201cEstima-se que um quarto de toda vida marinha \u00e9 dependente de corais em algum momento de sua vida. Logo, monitorar as condi\u00e7\u00f5es coral\u00edneas do pa\u00eds \u00e9 absolutamente relevante a todos n\u00f3s. Mesmo que n\u00e3o percebamos, todos estamos associados aos servi\u00e7os ecossist\u00eamicos prestados pelos recifes de corais\u201d, enfatizou.<\/p>\n<p>A maioria dos ecossistemas &#8211; 72% &#8211; foi identificada nas Unidades de Conserva\u00e7\u00e3o Marinhas brasileiras. A principal unidade mapeada, que corresponde a 33% dos ecossistemas identificados, foi a \u00c1rea de Prote\u00e7\u00e3o Ambiental (APA) Ponta da Baleia\/ Abrolhos, na zona costeira dos munic\u00edpios de Alcoba\u00e7a e Caravelas, sul da Bahia.<\/p>\n","protected":false},"excerpt":{"rendered":"<p>Um mapeamento in\u00e9dito revelou 20,4 mil hectares de recifes de coral em \u00e1guas rasas na costa leste do Brasil. Os ambientes marinhos formados por calc\u00e1rio de corais e algas foram detectados por meio de sat\u00e9lites com sensores \u00f3ticos. \u201cA costa leste brasileira, sem grande descarga sedimentar de seus rios, possui \u00e1guas claras, com grande penetrabilidade [&hellip;]<\/p>\n","protected":false},"author":2,"featured_media":335028,"comment_status":"closed","ping_status":"closed","sticky":false,"template":"","format":"standard","meta":{"_acf_changed":false,"footnotes":""},"categories":[165],"tags":[],"class_list":["post-335027","post","type-post","status-publish","format-standard","has-post-thumbnail","hentry","category-nordeste"],"acf":[],"_links":{"self":[{"href":"https:\/\/www.notibras.com\/site\/wp-json\/wp\/v2\/posts\/335027","targetHints":{"allow":["GET"]}}],"collection":[{"href":"https:\/\/www.notibras.com\/site\/wp-json\/wp\/v2\/posts"}],"about":[{"href":"https:\/\/www.notibras.com\/site\/wp-json\/wp\/v2\/types\/post"}],"author":[{"embeddable":true,"href":"https:\/\/www.notibras.com\/site\/wp-json\/wp\/v2\/users\/2"}],"replies":[{"embeddable":true,"href":"https:\/\/www.notibras.com\/site\/wp-json\/wp\/v2\/comments?post=335027"}],"version-history":[{"count":1,"href":"https:\/\/www.notibras.com\/site\/wp-json\/wp\/v2\/posts\/335027\/revisions"}],"predecessor-version":[{"id":335029,"href":"https:\/\/www.notibras.com\/site\/wp-json\/wp\/v2\/posts\/335027\/revisions\/335029"}],"wp:featuredmedia":[{"embeddable":true,"href":"https:\/\/www.notibras.com\/site\/wp-json\/wp\/v2\/media\/335028"}],"wp:attachment":[{"href":"https:\/\/www.notibras.com\/site\/wp-json\/wp\/v2\/media?parent=335027"}],"wp:term":[{"taxonomy":"category","embeddable":true,"href":"https:\/\/www.notibras.com\/site\/wp-json\/wp\/v2\/categories?post=335027"},{"taxonomy":"post_tag","embeddable":true,"href":"https:\/\/www.notibras.com\/site\/wp-json\/wp\/v2\/tags?post=335027"}],"curies":[{"name":"wp","href":"https:\/\/api.w.org\/{rel}","templated":true}]}}