{"id":335030,"date":"2024-08-21T00:03:07","date_gmt":"2024-08-21T03:03:07","guid":{"rendered":"https:\/\/www.notibras.com\/site\/?p=335030"},"modified":"2024-08-21T08:04:55","modified_gmt":"2024-08-21T11:04:55","slug":"carga-de-acucar-apreendida-escondia-medicamentos-e-10-mil-municoes","status":"publish","type":"post","link":"https:\/\/www.notibras.com\/site\/carga-de-acucar-apreendida-escondia-medicamentos-e-10-mil-municoes\/","title":{"rendered":"Carga de a\u00e7\u00facar apreendida escondia medicamentos e 10 mil muni\u00e7\u00f5es"},"content":{"rendered":"<p>Equipes de auditores da Secretaria de Economia (Seec-DF) apreenderam uma carreta na BR-020 transportando 10 mil unidades de muni\u00e7\u00e3o escondidas dentro de uma carga de 31 toneladas de a\u00e7\u00facar. A carga de a\u00e7\u00facar apresentava nota fiscal inid\u00f4nea e, al\u00e9m das muni\u00e7\u00f5es, tamb\u00e9m escondia medicamentos para disfun\u00e7\u00e3o er\u00e9til.<\/p>\n<p>\u201cEssas fiscaliza\u00e7\u00f5es rotineiras ajudam tamb\u00e9m no combate \u00e0 circula\u00e7\u00e3o perigosa de mercadorias. Foram 10 mil muni\u00e7\u00f5es de todos os tipos. Para onde iriam sem nota fiscal e de forma irregular?\u201d, afirma o coordenador de Fiscaliza\u00e7\u00e3o Tribut\u00e1ria da Seec, Silvino Nogueira Filho.<\/p>\n<p>Ele explica que as muni\u00e7\u00f5es foram identificadas e encaminhadas \u00e0 Pol\u00edcia Civil do DF para a investiga\u00e7\u00e3o da exist\u00eancia de outros crimes. Estima-se que todo o a\u00e7\u00facar, as muni\u00e7\u00f5es e os medicamentos custem mais de R$ 200 mil. \u201cCom essa base de c\u00e1lculo, o cr\u00e9dito tribut\u00e1rio (Imposto sobre Opera\u00e7\u00f5es Relativas \u00e0 Circula\u00e7\u00e3o de Mercadoria e Presta\u00e7\u00e3o de Servi\u00e7os e multas) est\u00e1 avaliado em torno de R$ 86 mil\u201d, acrescenta Silvino.<\/p>\n<p>A apreens\u00e3o da carreta de 31 toneladas n\u00e3o foi a \u00fanica da semana. Equipes da Ger\u00eancia de Fiscaliza\u00e7\u00e3o de Mercadorias em Tr\u00e2nsito (GEFMT) no Distrito Federal tamb\u00e9m identificaram outras situa\u00e7\u00f5es em desconformidade com a lei fiscal, nos \u00faltimos dois dias. O valor dos produtos e cargas apreendidos nos dias 19 e 20 de agosto est\u00e1 estimado em cerca de R$ 750 mil, com cr\u00e9dito tribut\u00e1rio de R$ 350 mil.<\/p>\n<p><strong>Outras apreens\u00f5es<\/strong><br \/>\nNo Setor de Divers\u00f5es Sul, foram apreendidos mais de 3 mil \u00f3culos de sol e arma\u00e7\u00f5es de grau, com base de c\u00e1lculo estimada em R$ 156 mil e cr\u00e9dito tribut\u00e1rio de aproximadamente R$ 67 mil.<\/p>\n<p>J\u00e1 em Samambaia e em Santa Maria, as equipes abordaram carretas com transporte de ra\u00e7\u00e3o para c\u00e3es, gatos e frangos em situa\u00e7\u00e3o de irregularidade fiscal. O c\u00e1lculo estimado das carretas de ra\u00e7\u00e3o \u00e9 de cerca de R$ 115 mil, com cr\u00e9dito tribut\u00e1rio de R$ 55 mil.<\/p>\n<p>Na BR-060, uma carga de som automotivo foi apreendida por falta de documenta\u00e7\u00e3o fiscal. O valor apurado foi de aproximadamente R$ 47 mil, com cr\u00e9dito tribut\u00e1rio de R$ 23 mil. As equipes tamb\u00e9m realizaram apreens\u00f5es de estofados, suplementos alimentares, confec\u00e7\u00f5es, panelas e cal\u00e7ados, todos com documenta\u00e7\u00e3o fiscal irregular em transportadoras do Distrito Federal. As apreens\u00f5es nessas transportadoras est\u00e3o estimadas em cerca de R$ 147 mil, com cr\u00e9dito tribut\u00e1rio de R$ 83 mil.<\/p>\n<p>Os produtos entrariam em circula\u00e7\u00e3o com notas fiscais inid\u00f4neas, com erros de registro e falsas informa\u00e7\u00f5es, que seriam usadas por vendedores e compradores para sonegar impostos. Os impostos recolhidos s\u00e3o utilizados pelo Estado como receitas tribut\u00e1rias aplicadas no desenvolvimento de pol\u00edticas p\u00fablicas (obras, educa\u00e7\u00e3o, sa\u00fade, seguran\u00e7a, mobilidade, programas sociais etc.) e a atua\u00e7\u00e3o sistem\u00e1tica do Fisco tem por objetivo recuperar recursos que deixariam de entrar nos cofres p\u00fablicos do DF.<\/p>\n","protected":false},"excerpt":{"rendered":"<p>Equipes de auditores da Secretaria de Economia (Seec-DF) apreenderam uma carreta na BR-020 transportando 10 mil unidades de muni\u00e7\u00e3o escondidas dentro de uma carga de 31 toneladas de a\u00e7\u00facar. A carga de a\u00e7\u00facar apresentava nota fiscal inid\u00f4nea e, al\u00e9m das muni\u00e7\u00f5es, tamb\u00e9m escondia medicamentos para disfun\u00e7\u00e3o er\u00e9til. \u201cEssas fiscaliza\u00e7\u00f5es rotineiras ajudam tamb\u00e9m no combate \u00e0 [&hellip;]<\/p>\n","protected":false},"author":2,"featured_media":335031,"comment_status":"closed","ping_status":"closed","sticky":false,"template":"","format":"standard","meta":{"_acf_changed":false,"footnotes":""},"categories":[161],"tags":[],"class_list":["post-335030","post","type-post","status-publish","format-standard","has-post-thumbnail","hentry","category-quadradinho-em-foco"],"acf":[],"_links":{"self":[{"href":"https:\/\/www.notibras.com\/site\/wp-json\/wp\/v2\/posts\/335030","targetHints":{"allow":["GET"]}}],"collection":[{"href":"https:\/\/www.notibras.com\/site\/wp-json\/wp\/v2\/posts"}],"about":[{"href":"https:\/\/www.notibras.com\/site\/wp-json\/wp\/v2\/types\/post"}],"author":[{"embeddable":true,"href":"https:\/\/www.notibras.com\/site\/wp-json\/wp\/v2\/users\/2"}],"replies":[{"embeddable":true,"href":"https:\/\/www.notibras.com\/site\/wp-json\/wp\/v2\/comments?post=335030"}],"version-history":[{"count":1,"href":"https:\/\/www.notibras.com\/site\/wp-json\/wp\/v2\/posts\/335030\/revisions"}],"predecessor-version":[{"id":335032,"href":"https:\/\/www.notibras.com\/site\/wp-json\/wp\/v2\/posts\/335030\/revisions\/335032"}],"wp:featuredmedia":[{"embeddable":true,"href":"https:\/\/www.notibras.com\/site\/wp-json\/wp\/v2\/media\/335031"}],"wp:attachment":[{"href":"https:\/\/www.notibras.com\/site\/wp-json\/wp\/v2\/media?parent=335030"}],"wp:term":[{"taxonomy":"category","embeddable":true,"href":"https:\/\/www.notibras.com\/site\/wp-json\/wp\/v2\/categories?post=335030"},{"taxonomy":"post_tag","embeddable":true,"href":"https:\/\/www.notibras.com\/site\/wp-json\/wp\/v2\/tags?post=335030"}],"curies":[{"name":"wp","href":"https:\/\/api.w.org\/{rel}","templated":true}]}}