{"id":335040,"date":"2024-08-21T00:00:55","date_gmt":"2024-08-21T03:00:55","guid":{"rendered":"https:\/\/www.notibras.com\/site\/?p=335040"},"modified":"2024-08-21T08:44:57","modified_gmt":"2024-08-21T11:44:57","slug":"comeca-campanha-de-arrecadacao-de-brinquedos-vem-brincar-comigo","status":"publish","type":"post","link":"https:\/\/www.notibras.com\/site\/comeca-campanha-de-arrecadacao-de-brinquedos-vem-brincar-comigo\/","title":{"rendered":"Come\u00e7a campanha de arrecada\u00e7\u00e3o de brinquedos Vem Brincar Comigo"},"content":{"rendered":"<p>Parte do calend\u00e1rio oficial do Distrito Federal, a campanha Vem Brincar Comigo chega \u00e0 quinta edi\u00e7\u00e3o com a miss\u00e3o de levar alegria e criar mem\u00f3rias afetivas em crian\u00e7as que se encontram em situa\u00e7\u00e3o de vulnerabilidade social. Idealizada pela primeira-dama do DF, Mayara Noronha Rocha, e coordenada pela Chefia-Executiva de Pol\u00edticas Sociais, a iniciativa consiste na arrecada\u00e7\u00e3o de brinquedos junto \u00e0 popula\u00e7\u00e3o e \u00e0 sociedade civil para serem distribu\u00eddos em eventos com apoio do GDF.<\/p>\n<p>A campanha tem in\u00edcio nesta ter\u00e7a-feira (20) e se estende at\u00e9 10 de outubro. Os brinquedos poder\u00e3o ser levados at\u00e9 os pontos de coleta estrategicamente distribu\u00eddos em diversos \u00f3rg\u00e3os do GDF e nos batalh\u00f5es do Corpo de Bombeiros Militar do Distrito Federal (CBMDF). O objetivo \u00e9 facilitar o acesso e a participa\u00e7\u00e3o. Nas quatro \u00faltimas edi\u00e7\u00f5es foram arrecadados e distribu\u00eddos 95 mil brinquedos.<\/p>\n<p>\u201cA Campanha Vem Brincar Comigo \u00e9 uma oportunidade para todos n\u00f3s fazermos a diferen\u00e7a na vida das nossas crian\u00e7as\u201d, afirma a primeira-dama Mayara Noronha Rocha. \u201cN\u00e3o se trata apenas de doar brinquedos, mas de proporcionar momentos de felicidade, esperan\u00e7a, e de contribuir para o futuro dessas crian\u00e7as. Afinal, brincadeira de crian\u00e7a \u00e9 coisa s\u00e9ria, porque inspira o adulto que ela ser\u00e1 posteriormente. Contamos com a solidariedade de cada um para transformar sonhos em realidade\u201d, completa.<\/p>\n<p><strong>Doa\u00e7\u00f5es<\/strong><br \/>\nPodem ser doados brinquedos novos ou usados em bom estado de uso. No caso de itens usados \u00e9 importante higieniz\u00e1-los com \u00e1lcool 70% e coloc\u00e1-los em sacos transparentes para identifica\u00e7\u00e3o. Os brinquedos novos podem ser doados em suas pr\u00f3prias caixas.<\/p>\n<p>Ser\u00e3o beneficiadas crian\u00e7as que integram institui\u00e7\u00f5es do DF ou fazem parte das fam\u00edlias em situa\u00e7\u00e3o de vulnerabilidade cadastradas na campanha.<\/p>\n<p>Al\u00e9m da arrecada\u00e7\u00e3o de brinquedos, a campanha Vem Brincar Comigo proporciona momentos de lazer e divers\u00e3o nos grandes pontos tur\u00edsticos e eventos da cidade. As primeiras a\u00e7\u00f5es deste ano ser\u00e3o no Festival Na Praia, com a participa\u00e7\u00e3o de mais de 1,6 mil crian\u00e7as de institui\u00e7\u00f5es sociais do DF.<\/p>\n","protected":false},"excerpt":{"rendered":"<p>Parte do calend\u00e1rio oficial do Distrito Federal, a campanha Vem Brincar Comigo chega \u00e0 quinta edi\u00e7\u00e3o com a miss\u00e3o de levar alegria e criar mem\u00f3rias afetivas em crian\u00e7as que se encontram em situa\u00e7\u00e3o de vulnerabilidade social. Idealizada pela primeira-dama do DF, Mayara Noronha Rocha, e coordenada pela Chefia-Executiva de Pol\u00edticas Sociais, a iniciativa consiste na [&hellip;]<\/p>\n","protected":false},"author":2,"featured_media":335041,"comment_status":"closed","ping_status":"closed","sticky":false,"template":"","format":"standard","meta":{"_acf_changed":false,"footnotes":""},"categories":[161],"tags":[],"class_list":["post-335040","post","type-post","status-publish","format-standard","has-post-thumbnail","hentry","category-quadradinho-em-foco"],"acf":[],"_links":{"self":[{"href":"https:\/\/www.notibras.com\/site\/wp-json\/wp\/v2\/posts\/335040","targetHints":{"allow":["GET"]}}],"collection":[{"href":"https:\/\/www.notibras.com\/site\/wp-json\/wp\/v2\/posts"}],"about":[{"href":"https:\/\/www.notibras.com\/site\/wp-json\/wp\/v2\/types\/post"}],"author":[{"embeddable":true,"href":"https:\/\/www.notibras.com\/site\/wp-json\/wp\/v2\/users\/2"}],"replies":[{"embeddable":true,"href":"https:\/\/www.notibras.com\/site\/wp-json\/wp\/v2\/comments?post=335040"}],"version-history":[{"count":1,"href":"https:\/\/www.notibras.com\/site\/wp-json\/wp\/v2\/posts\/335040\/revisions"}],"predecessor-version":[{"id":335042,"href":"https:\/\/www.notibras.com\/site\/wp-json\/wp\/v2\/posts\/335040\/revisions\/335042"}],"wp:featuredmedia":[{"embeddable":true,"href":"https:\/\/www.notibras.com\/site\/wp-json\/wp\/v2\/media\/335041"}],"wp:attachment":[{"href":"https:\/\/www.notibras.com\/site\/wp-json\/wp\/v2\/media?parent=335040"}],"wp:term":[{"taxonomy":"category","embeddable":true,"href":"https:\/\/www.notibras.com\/site\/wp-json\/wp\/v2\/categories?post=335040"},{"taxonomy":"post_tag","embeddable":true,"href":"https:\/\/www.notibras.com\/site\/wp-json\/wp\/v2\/tags?post=335040"}],"curies":[{"name":"wp","href":"https:\/\/api.w.org\/{rel}","templated":true}]}}