{"id":335043,"date":"2024-08-21T08:56:39","date_gmt":"2024-08-21T11:56:39","guid":{"rendered":"https:\/\/www.notibras.com\/site\/?p=335043"},"modified":"2024-08-21T08:56:39","modified_gmt":"2024-08-21T11:56:39","slug":"nome-de-santa-aparecida-teve-de-obedecer-ao-deus-pai","status":"publish","type":"post","link":"https:\/\/www.notibras.com\/site\/nome-de-santa-aparecida-teve-de-obedecer-ao-deus-pai\/","title":{"rendered":"Nome de santa, Aparecida teve de obedecer ao deus pai"},"content":{"rendered":"<p>O ano, n\u00e3o sei ao certo, mas foi pelos idos de 1952, 1953. Talvez pouco antes ou tanto adiante, mas nada que atrapalhe a hist\u00f3ria, mesmo porque, naquela \u00e9poca, tudo me parece meio embaralhado. Meus netos dizem que \u00e9 por conta da mem\u00f3ria falha pr\u00f3pria da idade. Tenho c\u00e1 minhas d\u00favidas ou, ent\u00e3o, sofro do mal que acomete boa parte das pessoas, que \u00e9 esquecer o passado para repeti-lo como se fosse algo in\u00e9dito.<\/p>\n<p>Dona Albertina e seu Francisco, na casa dos 50 anos, possu\u00edam onze filhos, sendo apenas a ca\u00e7ula menina, Maria Aparecida. Ela recebera o nome como pagamento de promessa \u00e0 santa favorita da fam\u00edlia, que h\u00e1 muito desejava uma garotinha. N\u00e3o que os outros filhos tamb\u00e9m n\u00e3o tivessem nomes de santos: Onofre, Jo\u00e3o, Nicolau, Ant\u00f4nio, Jos\u00e9, Sebasti\u00e3o, Pedro, Andr\u00e9, \u00c9rico e Jorge.<\/p>\n<p>Maria Aparecida era venerada por todos, que chamavam a mi\u00fada de Cidinha. Apesar dos mimos, ela n\u00e3o parecia mimada, mas gentil e amig\u00e1vel com todos. Al\u00e9m do mais, ajudava a m\u00e3e nas tarefas do lar, enquanto os irm\u00e3os, todos em idade para trabalhar, ajudavam o pai na padaria. Enquanto alguns faziam p\u00e3o, bolos e salgados, outros atendiam no balc\u00e3o.<\/p>\n<p>Certa feita, mudou-se para a casa ao lado uma fam\u00edlia quase t\u00e3o grande como a da Cidinha. Entretanto, era uma casa repleta de filhas e apenas um var\u00e3o, justamente o mais velho, que raramente dava as caras, pois estudava na capital. As idades dos herdeiros das duas fam\u00edlias se regulavam, inclusive das duas mais novas. Helena, justamente a mais bonita, contava l\u00e1 seus 16 anos, a mesma idade da Cidinha e, naturalmente, fizeram amizade.<\/p>\n<p>\u00c9rico e Jorge se encantaram pela linda garota e tentaram de tudo para chamar a sua aten\u00e7\u00e3o. Todavia, Helena n\u00e3o parecia atra\u00edda pelos rapazes. Comentava-se at\u00e9 que a donzela estivesse de namorico com outro, pois, n\u00e3o raro, o carteiro entregava correspond\u00eancia para a dita cuja.<\/p>\n<p>Os enamorados, n\u00e3o se sabe se movidos por bom prop\u00f3sito ou por puro despeito, foram ter uma conversa com o pai. Eles disseram que n\u00e3o era de bom alvitre Cidinha ficar de conversa com Helena, pois esta n\u00e3o parecia ser de confian\u00e7a. Preocupado, seu Francisco chamou a filha para uma conversa.<\/p>\n<p>\u2014 Cidinha, todos n\u00f3s n\u00e3o estamos gostando da sua amizade com essa tal Helena. Os coment\u00e1rios sobre ela n\u00e3o s\u00e3o dos melhores. Como n\u00f3s n\u00e3o a conhecemos, \u00e9 melhor voc\u00ea parar com essa amizade.<\/p>\n<p>A garota, apesar de confusa, n\u00e3o quis contrariar o pai. Nos dias seguintes, ela evitou a amiga, at\u00e9 que a pr\u00f3pria Helena deve ter percebido o que teria acontecido. Tanto \u00e9 que nunca mais procurou pela filha da dona Albertina e do seu Francisco.<\/p>\n<p>Quando chegou a idade de casar, Cidinha foi desposada por um homem escolhido pelo pai. Viveu uma vida quase id\u00eantica \u00e0 de sua m\u00e3e, apesar da prole um pouco menor: oito filhos, todos com nomes de santos. Quanto \u00e0 Helena, n\u00e3o se sabe ao certo qual foi o seu destino, pois seu nome foi deixado de lado at\u00e9 que caiu por completo no esquecimento.<\/p>\n<p><strong>*Eduardo Mart\u00ednez \u00e9 autor do livro \u201c57 Contos e Cr\u00f4nicas por um Autor muito Velho\u201d.<\/strong><\/p>\n<p>Compre aqui\u00a0<span class=\"x19la9d6 x1fc57z9 x6ikm8r x10wlt62 x19co3pv x1g5zs5t xfibh0p xiy17q3 x1xsqp64 x1lkfr7t xexx8yu x4uap5 x18d9i69 xkhd6sd\"><span class=\"xrtxmta x1bhl96m\"><img decoding=\"async\" class=\"emoji\" role=\"img\" draggable=\"false\" src=\"https:\/\/s.w.org\/images\/core\/emoji\/14.0.0\/svg\/1f447-1f3ff.svg\" alt=\"&#x1f447;&#x1f3ff;\" \/><\/span><\/span><span class=\"x19la9d6 x1fc57z9 x6ikm8r x10wlt62 x19co3pv x1g5zs5t xfibh0p xiy17q3 x1xsqp64 x1lkfr7t xexx8yu x4uap5 x18d9i69 xkhd6sd\"><span class=\"xrtxmta x1bhl96m\"><img decoding=\"async\" class=\"emoji\" role=\"img\" draggable=\"false\" src=\"https:\/\/s.w.org\/images\/core\/emoji\/14.0.0\/svg\/1f447-1f3ff.svg\" alt=\"&#x1f447;&#x1f3ff;\" \/><\/span><\/span><span class=\"x19la9d6 x1fc57z9 x6ikm8r x10wlt62 x19co3pv x1g5zs5t xfibh0p xiy17q3 x1xsqp64 x1lkfr7t xexx8yu x4uap5 x18d9i69 xkhd6sd\"><span class=\"xrtxmta x1bhl96m\"><img decoding=\"async\" class=\"emoji\" role=\"img\" draggable=\"false\" src=\"https:\/\/s.w.org\/images\/core\/emoji\/14.0.0\/svg\/1f447-1f3ff.svg\" alt=\"&#x1f447;&#x1f3ff;\" \/><\/span><\/span><\/p>\n<p><a href=\"http:\/\/www.joanineditora.com.br\/57-contos-e-cronicas-por-um-autor-muito-velho\">http:\/\/www.joanineditora.com.br\/57-contos-e-cronicas-por-um-autor-muito-velho<\/a><\/p>\n","protected":false},"excerpt":{"rendered":"<p>O ano, n\u00e3o sei ao certo, mas foi pelos idos de 1952, 1953. Talvez pouco antes ou tanto adiante, mas nada que atrapalhe a hist\u00f3ria, mesmo porque, naquela \u00e9poca, tudo me parece meio embaralhado. Meus netos dizem que \u00e9 por conta da mem\u00f3ria falha pr\u00f3pria da idade. Tenho c\u00e1 minhas d\u00favidas ou, ent\u00e3o, sofro do [&hellip;]<\/p>\n","protected":false},"author":2,"featured_media":335044,"comment_status":"closed","ping_status":"closed","sticky":false,"template":"","format":"standard","meta":{"_acf_changed":false,"footnotes":""},"categories":[161],"tags":[],"class_list":["post-335043","post","type-post","status-publish","format-standard","has-post-thumbnail","hentry","category-quadradinho-em-foco"],"acf":[],"_links":{"self":[{"href":"https:\/\/www.notibras.com\/site\/wp-json\/wp\/v2\/posts\/335043","targetHints":{"allow":["GET"]}}],"collection":[{"href":"https:\/\/www.notibras.com\/site\/wp-json\/wp\/v2\/posts"}],"about":[{"href":"https:\/\/www.notibras.com\/site\/wp-json\/wp\/v2\/types\/post"}],"author":[{"embeddable":true,"href":"https:\/\/www.notibras.com\/site\/wp-json\/wp\/v2\/users\/2"}],"replies":[{"embeddable":true,"href":"https:\/\/www.notibras.com\/site\/wp-json\/wp\/v2\/comments?post=335043"}],"version-history":[{"count":1,"href":"https:\/\/www.notibras.com\/site\/wp-json\/wp\/v2\/posts\/335043\/revisions"}],"predecessor-version":[{"id":335045,"href":"https:\/\/www.notibras.com\/site\/wp-json\/wp\/v2\/posts\/335043\/revisions\/335045"}],"wp:featuredmedia":[{"embeddable":true,"href":"https:\/\/www.notibras.com\/site\/wp-json\/wp\/v2\/media\/335044"}],"wp:attachment":[{"href":"https:\/\/www.notibras.com\/site\/wp-json\/wp\/v2\/media?parent=335043"}],"wp:term":[{"taxonomy":"category","embeddable":true,"href":"https:\/\/www.notibras.com\/site\/wp-json\/wp\/v2\/categories?post=335043"},{"taxonomy":"post_tag","embeddable":true,"href":"https:\/\/www.notibras.com\/site\/wp-json\/wp\/v2\/tags?post=335043"}],"curies":[{"name":"wp","href":"https:\/\/api.w.org\/{rel}","templated":true}]}}