{"id":335077,"date":"2024-08-22T00:04:40","date_gmt":"2024-08-22T03:04:40","guid":{"rendered":"https:\/\/www.notibras.com\/site\/?p=335077"},"modified":"2024-08-22T07:06:26","modified_gmt":"2024-08-22T10:06:26","slug":"ceara-assina-com-bndes-acordo-para-melhorar-acesso-a-agua","status":"publish","type":"post","link":"https:\/\/www.notibras.com\/site\/ceara-assina-com-bndes-acordo-para-melhorar-acesso-a-agua\/","title":{"rendered":"Cear\u00e1 assina com BNDES acordo para melhorar acesso a \u00e1gua"},"content":{"rendered":"<p>O Banco Nacional de Desenvolvimento Econ\u00f4mico e Social (BNDES) e o governo do Cear\u00e1 assinaram contrato da iniciativa Sert\u00e3o Vivo, no valor de R$ 251,6 milh\u00f5es. Os recursos beneficiar\u00e3o 63 mil fam\u00edlias de agricultores familiares de 72 munic\u00edpios cearenses que apresentam vulnerabilidade social, clim\u00e1tica, h\u00eddrica ou alimentar.<\/p>\n<p>A iniciativa Sert\u00e3o Vivo visa melhorar o acesso a \u00e1gua na produ\u00e7\u00e3o rural e implantar Sistemas Produtivos Resilientes ao Clima. \u00c9 uma parceria do BNDES com o Fundo Internacional de Desenvolvimento Agr\u00edcola (FIDA), da Organiza\u00e7\u00e3o das Na\u00e7\u00f5es Unidas (ONU), para projetos no semi\u00e1rido nordestino. No total, ser\u00e3o destinados R$ 1,8 bilh\u00e3o para munic\u00edpios de todos os estados do Nordeste, beneficiando quase 500 mil fam\u00edlias, ou cerca de 2 milh\u00f5es de pessoas.<\/p>\n<p>A diretora Socioambiental do BNDES, Tereza Campello, destacou que o Cear\u00e1 \u00e9 o primeiro dos nove estados do Nordeste que assina um contrato do Sert\u00e3o Vivo. \u201cS\u00e3o R$ 250 milh\u00f5es, chegando a 250 mil pessoas no rural cearense. Um projeto que vai ser refer\u00eancia tamb\u00e9m para o mundo, gerando resili\u00eancia clim\u00e1tica, aumentando a produ\u00e7\u00e3o de alimentos, enfrentando a pobreza, enfrentando a crise clim\u00e1tica\u201d, afirmou.<\/p>\n<p><strong>Recursos<\/strong><br \/>\nOs recursos para o projeto s\u00e3o compostos de uma parcela reembols\u00e1vel (financiamento) e outra n\u00e3o reembols\u00e1vel (sem pagamento). No Cear\u00e1, do total aprovado pela iniciativa Sert\u00e3o Vivo, R$ 212 milh\u00f5es s\u00e3o em forma de financiamento ao estado e os R$ 39,6 milh\u00f5es restantes n\u00e3o precisar\u00e3o ser pagos. Segundo informou o BNDES, por meio de sua assessoria de imprensa, os recursos permitir\u00e3o implantar sistemas de produ\u00e7\u00e3o aderentes ao clima, como quintais produtivos e sistemas agroflorestais com esp\u00e9cies nativas da caatinga, adaptadas ao semi\u00e1rido, al\u00e9m de construir reservat\u00f3rios de \u00e1gua para uso na lavoura, entre os quais cisternas-cal\u00e7ad\u00e3o, barreiros trincheira e barragens subterr\u00e2neas.<\/p>\n<p>As a\u00e7\u00f5es est\u00e3o alinhadas \u00e0s diretrizes do Plano Plurianual (PPA) 2024-2027 do Cear\u00e1 e ao seu planejamento de longo prazo (Cear\u00e1 2050), cujos eixos e programas enfatizam a redu\u00e7\u00e3o da pobreza rural, o acesso \u00e0 \u00e1gua, a eleva\u00e7\u00e3o do padr\u00e3o de vida dos agricultores familiares, a inclus\u00e3o socioecon\u00f4mica e a sustentabilidade ambiental.<\/p>\n<p>&nbsp;<\/p>\n","protected":false},"excerpt":{"rendered":"<p>O Banco Nacional de Desenvolvimento Econ\u00f4mico e Social (BNDES) e o governo do Cear\u00e1 assinaram contrato da iniciativa Sert\u00e3o Vivo, no valor de R$ 251,6 milh\u00f5es. Os recursos beneficiar\u00e3o 63 mil fam\u00edlias de agricultores familiares de 72 munic\u00edpios cearenses que apresentam vulnerabilidade social, clim\u00e1tica, h\u00eddrica ou alimentar. A iniciativa Sert\u00e3o Vivo visa melhorar o acesso [&hellip;]<\/p>\n","protected":false},"author":2,"featured_media":335078,"comment_status":"closed","ping_status":"closed","sticky":false,"template":"","format":"standard","meta":{"_acf_changed":false,"footnotes":""},"categories":[165],"tags":[],"class_list":["post-335077","post","type-post","status-publish","format-standard","has-post-thumbnail","hentry","category-nordeste"],"acf":[],"_links":{"self":[{"href":"https:\/\/www.notibras.com\/site\/wp-json\/wp\/v2\/posts\/335077","targetHints":{"allow":["GET"]}}],"collection":[{"href":"https:\/\/www.notibras.com\/site\/wp-json\/wp\/v2\/posts"}],"about":[{"href":"https:\/\/www.notibras.com\/site\/wp-json\/wp\/v2\/types\/post"}],"author":[{"embeddable":true,"href":"https:\/\/www.notibras.com\/site\/wp-json\/wp\/v2\/users\/2"}],"replies":[{"embeddable":true,"href":"https:\/\/www.notibras.com\/site\/wp-json\/wp\/v2\/comments?post=335077"}],"version-history":[{"count":1,"href":"https:\/\/www.notibras.com\/site\/wp-json\/wp\/v2\/posts\/335077\/revisions"}],"predecessor-version":[{"id":335079,"href":"https:\/\/www.notibras.com\/site\/wp-json\/wp\/v2\/posts\/335077\/revisions\/335079"}],"wp:featuredmedia":[{"embeddable":true,"href":"https:\/\/www.notibras.com\/site\/wp-json\/wp\/v2\/media\/335078"}],"wp:attachment":[{"href":"https:\/\/www.notibras.com\/site\/wp-json\/wp\/v2\/media?parent=335077"}],"wp:term":[{"taxonomy":"category","embeddable":true,"href":"https:\/\/www.notibras.com\/site\/wp-json\/wp\/v2\/categories?post=335077"},{"taxonomy":"post_tag","embeddable":true,"href":"https:\/\/www.notibras.com\/site\/wp-json\/wp\/v2\/tags?post=335077"}],"curies":[{"name":"wp","href":"https:\/\/api.w.org\/{rel}","templated":true}]}}