{"id":335084,"date":"2024-08-22T00:19:07","date_gmt":"2024-08-22T03:19:07","guid":{"rendered":"https:\/\/www.notibras.com\/site\/?p=335084"},"modified":"2024-08-22T07:20:42","modified_gmt":"2024-08-22T10:20:42","slug":"mcdonalds-tem-vendas-antecipadas-para-o-mcdia-feliz-2024","status":"publish","type":"post","link":"https:\/\/www.notibras.com\/site\/mcdonalds-tem-vendas-antecipadas-para-o-mcdia-feliz-2024\/","title":{"rendered":"McDonald\u2019s tem vendas antecipadas para o McDia Feliz 2024"},"content":{"rendered":"<p>O McDia Feliz, uma das principais campanhas do pa\u00eds em arrecada\u00e7\u00e3o de fundos para causas infantojuvenis do Brasil, est\u00e1 com as vendas de t\u00edquetes antecipados abertas para a 36\u00aa edi\u00e7\u00e3o da a\u00e7\u00e3o, cuja data est\u00e1 marcada para 24 de agosto.<\/p>\n<p>Toda a renda gerada com as vendas de sandu\u00edches Big Mac para a data ser\u00e1 revertida para o Instituto Ronald McDonald, que atua para promover o aumento das chances de cura do c\u00e2ncer infantojuvenil no Brasil, e para o Instituto Ayrton Senna, que colabora para ampliar oportunidades para jovens por meio da educa\u00e7\u00e3o p\u00fablica de qualidade.<\/p>\n<p>Neste ano, uma parte da renda obtida com a venda de cada Big Mac (R$ 1 de cada sandu\u00edche) ser\u00e1 destinada para contribuir com a recupera\u00e7\u00e3o dos sonhos das fam\u00edlias do Rio Grande do Sul. O valor se somar\u00e1 a um Fundo Aberto criado pela Arcos Dorados (saiba mais abaixo) e administrado pelo Instituto Ronald McDonald, exclusivamente para gerir a\u00e7\u00f5es que contribuem com a recupera\u00e7\u00e3o do Rio Grande do Sul.<\/p>\n<p>Assim como nas \u00faltimas edi\u00e7\u00f5es, e pensando na conveni\u00eancia dos consumidores, os t\u00edquetes podem ser adquiridos de forma f\u00edsica ou digital (neste site). O valor do t\u00edquete individual \u00e9 de R$ 19,00 e est\u00e3o dispon\u00edveis, ainda, op\u00e7\u00f5es de kits com dois, quatro, seis e oito unidades, em que cada t\u00edquete d\u00e1 direito a um delicioso Big Mac. Na hora da compra, o consumidor poder\u00e1 escolher qual das duas causas, sa\u00fade ou educa\u00e7\u00e3o, gostaria de ajudar com a sua contribui\u00e7\u00e3o. Para compras de mais de oito t\u00edquetes ou em formato f\u00edsico, os interessados devem entrar em contato com os institutos pelos e-mails mcdiafeliz@instituto-ronald.org.br ou mcdiafeliz@ias.org.br.<\/p>\n<p>A venda dos t\u00edquetes antecipados, tanto digitais quanto f\u00edsicos, estar\u00e3o dispon\u00edveis at\u00e9 os dias 18 e 21 de agosto, respectivamente. Ambas as formas poder\u00e3o ser trocadas no dia da campanha, podendo ser apresentado no balc\u00e3o, Drive-Thru ou nos totens de autoatendimento (impresso ou na tela do celular), nos restaurantes participantes do McDia Feliz. Para saber mais, acesse o regulamento da campanha.<\/p>\n","protected":false},"excerpt":{"rendered":"<p>O McDia Feliz, uma das principais campanhas do pa\u00eds em arrecada\u00e7\u00e3o de fundos para causas infantojuvenis do Brasil, est\u00e1 com as vendas de t\u00edquetes antecipados abertas para a 36\u00aa edi\u00e7\u00e3o da a\u00e7\u00e3o, cuja data est\u00e1 marcada para 24 de agosto. Toda a renda gerada com as vendas de sandu\u00edches Big Mac para a data ser\u00e1 [&hellip;]<\/p>\n","protected":false},"author":2,"featured_media":335085,"comment_status":"closed","ping_status":"closed","sticky":false,"template":"","format":"standard","meta":{"_acf_changed":false,"footnotes":""},"categories":[161],"tags":[],"class_list":["post-335084","post","type-post","status-publish","format-standard","has-post-thumbnail","hentry","category-quadradinho-em-foco"],"acf":[],"_links":{"self":[{"href":"https:\/\/www.notibras.com\/site\/wp-json\/wp\/v2\/posts\/335084","targetHints":{"allow":["GET"]}}],"collection":[{"href":"https:\/\/www.notibras.com\/site\/wp-json\/wp\/v2\/posts"}],"about":[{"href":"https:\/\/www.notibras.com\/site\/wp-json\/wp\/v2\/types\/post"}],"author":[{"embeddable":true,"href":"https:\/\/www.notibras.com\/site\/wp-json\/wp\/v2\/users\/2"}],"replies":[{"embeddable":true,"href":"https:\/\/www.notibras.com\/site\/wp-json\/wp\/v2\/comments?post=335084"}],"version-history":[{"count":1,"href":"https:\/\/www.notibras.com\/site\/wp-json\/wp\/v2\/posts\/335084\/revisions"}],"predecessor-version":[{"id":335086,"href":"https:\/\/www.notibras.com\/site\/wp-json\/wp\/v2\/posts\/335084\/revisions\/335086"}],"wp:featuredmedia":[{"embeddable":true,"href":"https:\/\/www.notibras.com\/site\/wp-json\/wp\/v2\/media\/335085"}],"wp:attachment":[{"href":"https:\/\/www.notibras.com\/site\/wp-json\/wp\/v2\/media?parent=335084"}],"wp:term":[{"taxonomy":"category","embeddable":true,"href":"https:\/\/www.notibras.com\/site\/wp-json\/wp\/v2\/categories?post=335084"},{"taxonomy":"post_tag","embeddable":true,"href":"https:\/\/www.notibras.com\/site\/wp-json\/wp\/v2\/tags?post=335084"}],"curies":[{"name":"wp","href":"https:\/\/api.w.org\/{rel}","templated":true}]}}