{"id":335098,"date":"2024-08-22T00:06:07","date_gmt":"2024-08-22T03:06:07","guid":{"rendered":"https:\/\/www.notibras.com\/site\/?p=335098"},"modified":"2024-08-22T08:07:46","modified_gmt":"2024-08-22T11:07:46","slug":"policia-tira-mais-um-traficante-das-ruas-de-ceilandia","status":"publish","type":"post","link":"https:\/\/www.notibras.com\/site\/policia-tira-mais-um-traficante-das-ruas-de-ceilandia\/","title":{"rendered":"Pol\u00edcia tira mais um traficante das ruas de Ceil\u00e2ndia"},"content":{"rendered":"<p>A Pol\u00edcia Civil, atrav\u00e9s da 15\u00aa DP, em Cil\u00e2ndia, deflagrou a opera\u00e7\u00e3o MT333 e prendeu em flagrante um homem de 23 anos de idade pelo crime de tr\u00e1fico de drogas. O investigado vendia entorpecentes em um apartamento situado na QNM 03.<\/p>\n<p>Em campana realizada no pr\u00e9dio do investigado, os agentes da 15\u00aa DP flagraram o momento em que ele saiu pela portaria e entregou uma por\u00e7\u00e3o de maconha do tipo skunk para um usu\u00e1rio de 28 anos de idade.<\/p>\n<p>Ap\u00f3s a venda, o usu\u00e1rio foi abordado e confessou ter aquirido uma pequena por\u00e7\u00e3o de drogas do investigado pelo valor de 50 reais.<\/p>\n<p>Diante da confirma\u00e7\u00e3o da situa\u00e7\u00e3o flagrancial, os agentes ingressaram no apartamento do investigado, local onde ele recebeu a voz de pris\u00e3o. Em buscas no im\u00f3vel, os agentes encontraram por\u00e7\u00f5es de maconha e haxixe, uma balan\u00e7a de precis\u00e3o, a quantia de R$ 548,00, dois aparelhos de telefone celular e um aparelho de televis\u00e3o cuja origem o autor n\u00e3o soube informar.<\/p>\n<p>Em rela\u00e7\u00e3o aos seus antecedentes, ele possui longa ficha policial extensa, estando atualmente cumprindo pena em regime aberto. Ele j\u00e1 foi indiciado pelos crimes de porte ilegal de arma de fogo de uso restrito, porte ilegal de arma de fogo de uso permitido (2 vezes), les\u00e3o corporal, injuria e amea\u00e7a todos em situa\u00e7\u00e3o de viol\u00eancia dom\u00e9stica e familiar contra a mulher, furto, recepta\u00e7\u00e3o, tr\u00e1fico de drogas (3 vezes) e tentativa de homic\u00eddio.<\/p>\n","protected":false},"excerpt":{"rendered":"<p>A Pol\u00edcia Civil, atrav\u00e9s da 15\u00aa DP, em Cil\u00e2ndia, deflagrou a opera\u00e7\u00e3o MT333 e prendeu em flagrante um homem de 23 anos de idade pelo crime de tr\u00e1fico de drogas. O investigado vendia entorpecentes em um apartamento situado na QNM 03. Em campana realizada no pr\u00e9dio do investigado, os agentes da 15\u00aa DP flagraram o [&hellip;]<\/p>\n","protected":false},"author":2,"featured_media":335099,"comment_status":"closed","ping_status":"closed","sticky":false,"template":"","format":"standard","meta":{"_acf_changed":false,"footnotes":""},"categories":[161],"tags":[],"class_list":["post-335098","post","type-post","status-publish","format-standard","has-post-thumbnail","hentry","category-quadradinho-em-foco"],"acf":[],"_links":{"self":[{"href":"https:\/\/www.notibras.com\/site\/wp-json\/wp\/v2\/posts\/335098","targetHints":{"allow":["GET"]}}],"collection":[{"href":"https:\/\/www.notibras.com\/site\/wp-json\/wp\/v2\/posts"}],"about":[{"href":"https:\/\/www.notibras.com\/site\/wp-json\/wp\/v2\/types\/post"}],"author":[{"embeddable":true,"href":"https:\/\/www.notibras.com\/site\/wp-json\/wp\/v2\/users\/2"}],"replies":[{"embeddable":true,"href":"https:\/\/www.notibras.com\/site\/wp-json\/wp\/v2\/comments?post=335098"}],"version-history":[{"count":1,"href":"https:\/\/www.notibras.com\/site\/wp-json\/wp\/v2\/posts\/335098\/revisions"}],"predecessor-version":[{"id":335100,"href":"https:\/\/www.notibras.com\/site\/wp-json\/wp\/v2\/posts\/335098\/revisions\/335100"}],"wp:featuredmedia":[{"embeddable":true,"href":"https:\/\/www.notibras.com\/site\/wp-json\/wp\/v2\/media\/335099"}],"wp:attachment":[{"href":"https:\/\/www.notibras.com\/site\/wp-json\/wp\/v2\/media?parent=335098"}],"wp:term":[{"taxonomy":"category","embeddable":true,"href":"https:\/\/www.notibras.com\/site\/wp-json\/wp\/v2\/categories?post=335098"},{"taxonomy":"post_tag","embeddable":true,"href":"https:\/\/www.notibras.com\/site\/wp-json\/wp\/v2\/tags?post=335098"}],"curies":[{"name":"wp","href":"https:\/\/api.w.org\/{rel}","templated":true}]}}