{"id":335111,"date":"2024-08-23T00:07:16","date_gmt":"2024-08-23T03:07:16","guid":{"rendered":"https:\/\/www.notibras.com\/site\/?p=335111"},"modified":"2024-08-23T09:08:20","modified_gmt":"2024-08-23T12:08:20","slug":"advocacia-precisa-romper-elo-que-liga-oab-a-capitania-hereditaria","status":"publish","type":"post","link":"https:\/\/www.notibras.com\/site\/advocacia-precisa-romper-elo-que-liga-oab-a-capitania-hereditaria\/","title":{"rendered":"&#8216;Advocacia precisa romper elo que liga OAB a capitania heredit\u00e1ria&#8217;"},"content":{"rendered":"<p>A gest\u00e3o da OAB-DF que busca perpetuar-se no poder por 12, ou at\u00e9 mesmo 15 anos, levanta s\u00e9rias preocupa\u00e7\u00f5es sobre o comprometimento com os princ\u00edpios democr\u00e1ticos que deveriam nortear qualquer institui\u00e7\u00e3o de relev\u00e2ncia social. A tentativa de manter o controle sobre uma entidade por um per\u00edodo t\u00e3o extenso, sem a devida altern\u00e2ncia, \u00e9, em ess\u00eancia, uma ditadura disfar\u00e7ada, que mina a renova\u00e7\u00e3o necess\u00e1ria para o fortalecimento da advocacia e a defesa dos interesses da classe.<\/p>\n<p>A altern\u00e2ncia e a renova\u00e7\u00e3o s\u00e3o pilares fundamentais da democracia, n\u00e3o apenas no \u00e2mbito pol\u00edtico, mas em todas as esferas onde o poder \u00e9 exercido. Elas garantem que novas ideias, perspectivas e lideran\u00e7as possam emergir, refletindo as necessidades e anseios de uma classe em constante evolu\u00e7\u00e3o. Quando um grupo se perpetua no poder, corre-se o risco de estagna\u00e7\u00e3o, favorecimento de interesses pessoais e descolamento da realidade vivida pelos advogados.<\/p>\n<p>A advocacia \u00e9, por natureza, uma profiss\u00e3o que exige coragem para questionar, para lutar por justi\u00e7a e para garantir que todos tenham voz. Quando a pr\u00f3pria institui\u00e7\u00e3o que deveria ser a guardi\u00e3 desses valores se afasta dos princ\u00edpios democr\u00e1ticos, permitindo a concentra\u00e7\u00e3o de poder, ela trai a confian\u00e7a de seus membros e coloca em risco a legitimidade de sua atua\u00e7\u00e3o.<\/p>\n<p>Portanto, \u00e9 imperativo que a OAB-DF rejeite qualquer movimento de perpetua\u00e7\u00e3o no poder. Somente por meio da altern\u00e2ncia, da transpar\u00eancia e da renova\u00e7\u00e3o cont\u00ednua \u00e9 que poderemos assegurar uma gest\u00e3o comprometida com os verdadeiros interesses da advocacia e da sociedade. A democracia n\u00e3o pode ser apenas um discurso; ela deve ser vivida e praticada diariamente, sobretudo em institui\u00e7\u00f5es que se prop\u00f5em a defend\u00ea-la.<\/p>\n<p><strong>*Advogado, com atua\u00e7\u00e3o nos mais diferentes campos do Direito<\/strong><\/p>\n","protected":false},"excerpt":{"rendered":"<p>A gest\u00e3o da OAB-DF que busca perpetuar-se no poder por 12, ou at\u00e9 mesmo 15 anos, levanta s\u00e9rias preocupa\u00e7\u00f5es sobre o comprometimento com os princ\u00edpios democr\u00e1ticos que deveriam nortear qualquer institui\u00e7\u00e3o de relev\u00e2ncia social. A tentativa de manter o controle sobre uma entidade por um per\u00edodo t\u00e3o extenso, sem a devida altern\u00e2ncia, \u00e9, em ess\u00eancia, [&hellip;]<\/p>\n","protected":false},"author":2,"featured_media":262019,"comment_status":"closed","ping_status":"closed","sticky":false,"template":"","format":"standard","meta":{"_acf_changed":false,"footnotes":""},"categories":[161],"tags":[95],"class_list":["post-335111","post","type-post","status-publish","format-standard","has-post-thumbnail","hentry","category-quadradinho-em-foco","tag-capa"],"acf":[],"_links":{"self":[{"href":"https:\/\/www.notibras.com\/site\/wp-json\/wp\/v2\/posts\/335111","targetHints":{"allow":["GET"]}}],"collection":[{"href":"https:\/\/www.notibras.com\/site\/wp-json\/wp\/v2\/posts"}],"about":[{"href":"https:\/\/www.notibras.com\/site\/wp-json\/wp\/v2\/types\/post"}],"author":[{"embeddable":true,"href":"https:\/\/www.notibras.com\/site\/wp-json\/wp\/v2\/users\/2"}],"replies":[{"embeddable":true,"href":"https:\/\/www.notibras.com\/site\/wp-json\/wp\/v2\/comments?post=335111"}],"version-history":[{"count":4,"href":"https:\/\/www.notibras.com\/site\/wp-json\/wp\/v2\/posts\/335111\/revisions"}],"predecessor-version":[{"id":335115,"href":"https:\/\/www.notibras.com\/site\/wp-json\/wp\/v2\/posts\/335111\/revisions\/335115"}],"wp:featuredmedia":[{"embeddable":true,"href":"https:\/\/www.notibras.com\/site\/wp-json\/wp\/v2\/media\/262019"}],"wp:attachment":[{"href":"https:\/\/www.notibras.com\/site\/wp-json\/wp\/v2\/media?parent=335111"}],"wp:term":[{"taxonomy":"category","embeddable":true,"href":"https:\/\/www.notibras.com\/site\/wp-json\/wp\/v2\/categories?post=335111"},{"taxonomy":"post_tag","embeddable":true,"href":"https:\/\/www.notibras.com\/site\/wp-json\/wp\/v2\/tags?post=335111"}],"curies":[{"name":"wp","href":"https:\/\/api.w.org\/{rel}","templated":true}]}}