{"id":335138,"date":"2024-08-23T07:37:38","date_gmt":"2024-08-23T10:37:38","guid":{"rendered":"https:\/\/www.notibras.com\/site\/?p=335138"},"modified":"2024-08-23T07:37:38","modified_gmt":"2024-08-23T10:37:38","slug":"internet-chega-a-mais-alunos-de-escolas-publicas","status":"publish","type":"post","link":"https:\/\/www.notibras.com\/site\/internet-chega-a-mais-alunos-de-escolas-publicas\/","title":{"rendered":"Internet chega a mais alunos de escolas p\u00fablicas"},"content":{"rendered":"<p>Alunos de educa\u00e7\u00e3o b\u00e1sica de escolas p\u00fablicas no Nordeste, regi\u00e3o que apresenta os menores \u00edndices de conectividade no pa\u00eds, ser\u00e3o beneficiados com a implementa\u00e7\u00e3o de internet nas salas de aula.<\/p>\n<p>Os resultados do edital do programa BNDES FUST \u2013 Escolas Conectadas, uma parceria com os minist\u00e9rios das Comunica\u00e7\u00f5es e Educa\u00e7\u00e3o, foram divulgados pelo Banco Nacional de Desenvolvimento Econ\u00f4mico e Social. As empresas Rix Internet e Norte Brasil Network foram selecionadas para implementar infraestrutura. O Instituto Tecnol\u00f3gico Inova\u00e7\u00e3o far\u00e1 a implanta\u00e7\u00e3o da solu\u00e7\u00e3o de monitoramento remoto.<\/p>\n<p>A iniciativa conta com recursos n\u00e3o reembols\u00e1veis do Fundo de Universaliza\u00e7\u00e3o dos Servi\u00e7os de Telecomunica\u00e7\u00f5es (Fust) e, segundo a institui\u00e7\u00e3o, refor\u00e7a a estrat\u00e9gia do governo federal para universaliza\u00e7\u00e3o do acesso \u00e0 internet nas escolas e para promo\u00e7\u00e3o da inclus\u00e3o.<\/p>\n<p>Institu\u00eddo pela Lei n\u00ba 9.998\/2000, o fundo tem como objetivo estimular a expans\u00e3o, o uso e a melhoria da qualidade das redes e dos servi\u00e7os de telecomunica\u00e7\u00f5es, reduzir as desigualdades regionais e estimular o uso e o desenvolvimento de novas tecnologias de conectividade para promo\u00e7\u00e3o do desenvolvimento econ\u00f4mico e social.<\/p>\n<p><strong>Qualidade<\/strong><br \/>\nO presidente do BNDES, Aloizio Mercadante, avaliou que \u201ccom internet de qualidade os educadores ter\u00e3o mais ferramentas dispon\u00edveis para auxiliar no processo de ensino e aprendizagem e os estudantes ter\u00e3o acesso ao mundo digital e mais igualdade de oportunidades\u201d.<\/p>\n<p>O ministro das Comunica\u00e7\u00f5es, Juscelino Filho, disse que a\u00e7\u00f5es em todo o pa\u00eds v\u00e3o &#8220;conectar as 138 mil escolas p\u00fablicas de ensino b\u00e1sico at\u00e9 2026\u201d. Para atingir a meta, o governo conta com recursos do fundo, do leil\u00e3o do 5G e de outras fontes, segundo o ministro.<\/p>\n<p>As diretrizes da iniciativa foram criadas em parceria com os minist\u00e9rios das Comunica\u00e7\u00f5es, da Educa\u00e7\u00e3o, e a Casa Civil, e a aprova\u00e7\u00e3o das propostas foi submetida ao Comit\u00ea Gestor do FUST na quarta-feira (21).<\/p>\n<p>Na chamada p\u00fablica, o banco recebeu 33 propostas, das quais 20 atenderam a todos os requisitos do edital, sendo selecionadas quatro propostas que apresentaram menor valor em cada um dos tr\u00eas lotes da modalidade implementa\u00e7\u00e3o e na modalidade monitoramento.<\/p>\n<p>O valor total das propostas \u00e9 R$ 56,7 milh\u00f5es, quantia que vai gerar economia de recursos de quase R$ 10 milh\u00f5es em rela\u00e7\u00e3o ao valor m\u00e1ximo definido pelo edital, de R$ 66 milh\u00f5es.<\/p>\n<p><strong>Escolas<\/strong><br \/>\nNo total 341 escolas p\u00fablicas ser\u00e3o beneficiadas na Bahia, Maranh\u00e3o e Para\u00edba. A diretora Socioambiental do BNDES, Tereza Campello, afirmou que, em breve, novos editais dever\u00e3o ser lan\u00e7ados, contemplando mais escolas.<\/p>\n<p>A Estrat\u00e9gia Nacional de Escolas Conectadas (Enec) foi institu\u00edda pelo Decreto n\u00ba 11.713\/2023 e busca coordenar, executar e monitorar a\u00e7\u00f5es para promo\u00e7\u00e3o da equidade no acesso \u00e0s tecnologias na escola.<\/p>\n<p>No eixo de conectividade est\u00e3o previstos investimentos de R$ 6,5 bilh\u00f5es at\u00e9 2026, que integram o eixo de Inclus\u00e3o Digital e Conectividade do novo Programa de Acelera\u00e7\u00e3o do Crescimento (PAC), com monitoramento de sua execu\u00e7\u00e3o realizado pela Casa Civil.<\/p>\n","protected":false},"excerpt":{"rendered":"<p>Alunos de educa\u00e7\u00e3o b\u00e1sica de escolas p\u00fablicas no Nordeste, regi\u00e3o que apresenta os menores \u00edndices de conectividade no pa\u00eds, ser\u00e3o beneficiados com a implementa\u00e7\u00e3o de internet nas salas de aula. Os resultados do edital do programa BNDES FUST \u2013 Escolas Conectadas, uma parceria com os minist\u00e9rios das Comunica\u00e7\u00f5es e Educa\u00e7\u00e3o, foram divulgados pelo Banco Nacional [&hellip;]<\/p>\n","protected":false},"author":2,"featured_media":335139,"comment_status":"closed","ping_status":"closed","sticky":false,"template":"","format":"standard","meta":{"_acf_changed":false,"footnotes":""},"categories":[165],"tags":[],"class_list":["post-335138","post","type-post","status-publish","format-standard","has-post-thumbnail","hentry","category-nordeste"],"acf":[],"_links":{"self":[{"href":"https:\/\/www.notibras.com\/site\/wp-json\/wp\/v2\/posts\/335138","targetHints":{"allow":["GET"]}}],"collection":[{"href":"https:\/\/www.notibras.com\/site\/wp-json\/wp\/v2\/posts"}],"about":[{"href":"https:\/\/www.notibras.com\/site\/wp-json\/wp\/v2\/types\/post"}],"author":[{"embeddable":true,"href":"https:\/\/www.notibras.com\/site\/wp-json\/wp\/v2\/users\/2"}],"replies":[{"embeddable":true,"href":"https:\/\/www.notibras.com\/site\/wp-json\/wp\/v2\/comments?post=335138"}],"version-history":[{"count":1,"href":"https:\/\/www.notibras.com\/site\/wp-json\/wp\/v2\/posts\/335138\/revisions"}],"predecessor-version":[{"id":335140,"href":"https:\/\/www.notibras.com\/site\/wp-json\/wp\/v2\/posts\/335138\/revisions\/335140"}],"wp:featuredmedia":[{"embeddable":true,"href":"https:\/\/www.notibras.com\/site\/wp-json\/wp\/v2\/media\/335139"}],"wp:attachment":[{"href":"https:\/\/www.notibras.com\/site\/wp-json\/wp\/v2\/media?parent=335138"}],"wp:term":[{"taxonomy":"category","embeddable":true,"href":"https:\/\/www.notibras.com\/site\/wp-json\/wp\/v2\/categories?post=335138"},{"taxonomy":"post_tag","embeddable":true,"href":"https:\/\/www.notibras.com\/site\/wp-json\/wp\/v2\/tags?post=335138"}],"curies":[{"name":"wp","href":"https:\/\/api.w.org\/{rel}","templated":true}]}}