{"id":335141,"date":"2024-08-23T00:42:38","date_gmt":"2024-08-23T03:42:38","guid":{"rendered":"https:\/\/www.notibras.com\/site\/?p=335141"},"modified":"2024-08-23T07:44:37","modified_gmt":"2024-08-23T10:44:37","slug":"pernambuco-cria-comite-para-enfrentar-a-febre-do-oropouche","status":"publish","type":"post","link":"https:\/\/www.notibras.com\/site\/pernambuco-cria-comite-para-enfrentar-a-febre-do-oropouche\/","title":{"rendered":"Pernambuco cria comit\u00ea para enfrentar a febre do Oropouche"},"content":{"rendered":"<p>O governo de Pernambuco instituiu um comit\u00ea t\u00e9cnico intersetorial para o enfrentamento da febre do Oropouche. O objetivo \u00e9 coordenar, acompanhar e avaliar a\u00e7\u00f5es de controle, preven\u00e7\u00e3o e tratamento da doen\u00e7a no estado. A portaria foi publicada no Di\u00e1rio Oficial.<\/p>\n<p>De acordo com o texto, a decis\u00e3o foi motivada pela recomenda\u00e7\u00e3o, por parte do Minist\u00e9rio da Sa\u00fade, da intensifica\u00e7\u00e3o da vigil\u00e2ncia de casos de transmiss\u00e3o vertical da doen\u00e7a, que acontece quando o v\u00edrus \u00e9 transmitido da m\u00e3e para o beb\u00ea durante a gesta\u00e7\u00e3o ou no parto.<\/p>\n<p>A publica\u00e7\u00e3o cita ainda a confirma\u00e7\u00e3o de casos de transmiss\u00e3o local de febre do Oropouche em Pernambuco, com casos j\u00e1 comprovados de transmiss\u00e3o vertical e de \u00f3bito fetal associados \u00e0 infec\u00e7\u00e3o no estado.<\/p>\n<p>Por fim, o documento destaca \u201ca necessidade de adotar medidas eficazes para controle, preven\u00e7\u00e3o e tratamento da doen\u00e7a, bem como para minimizar os impactos \u00e0 sa\u00fade da popula\u00e7\u00e3o; e da import\u00e2ncia da articula\u00e7\u00e3o entre os diversos setores da sociedade para enfrentamento e respostas em situa\u00e7\u00f5es de emerg\u00eancia em sa\u00fade p\u00fablica\u201d.<\/p>\n<p>Dentre as compet\u00eancias do comit\u00ea est\u00e3o:<\/p>\n<p>&#8211; elaborar e acompanhar o Plano Estadual de Enfrentamento ao Oropouche;<\/p>\n<p>&#8211; definir diretrizes para intensificar a mobiliza\u00e7\u00e3o de enfrentamento ao v\u00edrus, com divulga\u00e7\u00e3o de informa\u00e7\u00f5es sobre situa\u00e7\u00e3o epidemiol\u00f3gica, a\u00e7\u00f5es e resultados obtidos;<\/p>\n<p>&#8211; definir diretrizes para a adequada assist\u00eancia \u00e0 sa\u00fade;<\/p>\n<p>&#8211; apoiar a\u00e7\u00f5es de mobiliza\u00e7\u00e3o para enfrentamento ao v\u00edrus, realizadas pelos demais \u00f3rg\u00e3os estaduais e municipais, bem como pela sociedade civil, visando \u00e0 integralidade das a\u00e7\u00f5es de combate ao vetor em todas as esferas de governo, fixando objetivos e prioridades comuns;<\/p>\n<p>&#8211; promover a pesquisa e o desenvolvimento de novas tecnologias para diagn\u00f3stico, tratamento e preven\u00e7\u00e3o da doen\u00e7a e seus impactos, sobretudo entre gestantes;<\/p>\n<p>&#8211; direcionar a forma\u00e7\u00e3o de grupos de trabalho tem\u00e1ticos, cada um com responsabilidades espec\u00edficas e complementares, para garantir a adequada operacionaliza\u00e7\u00e3o dos planos elaborados.<\/p>\n<p>\u201cO comit\u00ea se reunir\u00e1 ordinariamente a cada 15 dias enquanto perdurar situa\u00e7\u00e3o de import\u00e2ncia epidemiol\u00f3gica no estado e, extraordinariamente, quando convocado por seu coordenador ou a requerimento de, no m\u00ednimo, 50% de seus membros\u201d, destacou a portaria.<\/p>\n","protected":false},"excerpt":{"rendered":"<p>O governo de Pernambuco instituiu um comit\u00ea t\u00e9cnico intersetorial para o enfrentamento da febre do Oropouche. O objetivo \u00e9 coordenar, acompanhar e avaliar a\u00e7\u00f5es de controle, preven\u00e7\u00e3o e tratamento da doen\u00e7a no estado. A portaria foi publicada no Di\u00e1rio Oficial. De acordo com o texto, a decis\u00e3o foi motivada pela recomenda\u00e7\u00e3o, por parte do Minist\u00e9rio [&hellip;]<\/p>\n","protected":false},"author":2,"featured_media":335142,"comment_status":"closed","ping_status":"closed","sticky":false,"template":"","format":"standard","meta":{"_acf_changed":false,"footnotes":""},"categories":[165],"tags":[],"class_list":["post-335141","post","type-post","status-publish","format-standard","has-post-thumbnail","hentry","category-nordeste"],"acf":[],"_links":{"self":[{"href":"https:\/\/www.notibras.com\/site\/wp-json\/wp\/v2\/posts\/335141","targetHints":{"allow":["GET"]}}],"collection":[{"href":"https:\/\/www.notibras.com\/site\/wp-json\/wp\/v2\/posts"}],"about":[{"href":"https:\/\/www.notibras.com\/site\/wp-json\/wp\/v2\/types\/post"}],"author":[{"embeddable":true,"href":"https:\/\/www.notibras.com\/site\/wp-json\/wp\/v2\/users\/2"}],"replies":[{"embeddable":true,"href":"https:\/\/www.notibras.com\/site\/wp-json\/wp\/v2\/comments?post=335141"}],"version-history":[{"count":1,"href":"https:\/\/www.notibras.com\/site\/wp-json\/wp\/v2\/posts\/335141\/revisions"}],"predecessor-version":[{"id":335143,"href":"https:\/\/www.notibras.com\/site\/wp-json\/wp\/v2\/posts\/335141\/revisions\/335143"}],"wp:featuredmedia":[{"embeddable":true,"href":"https:\/\/www.notibras.com\/site\/wp-json\/wp\/v2\/media\/335142"}],"wp:attachment":[{"href":"https:\/\/www.notibras.com\/site\/wp-json\/wp\/v2\/media?parent=335141"}],"wp:term":[{"taxonomy":"category","embeddable":true,"href":"https:\/\/www.notibras.com\/site\/wp-json\/wp\/v2\/categories?post=335141"},{"taxonomy":"post_tag","embeddable":true,"href":"https:\/\/www.notibras.com\/site\/wp-json\/wp\/v2\/tags?post=335141"}],"curies":[{"name":"wp","href":"https:\/\/api.w.org\/{rel}","templated":true}]}}