{"id":335151,"date":"2024-08-23T00:00:48","date_gmt":"2024-08-23T03:00:48","guid":{"rendered":"https:\/\/www.notibras.com\/site\/?p=335151"},"modified":"2024-08-23T09:07:05","modified_gmt":"2024-08-23T12:07:05","slug":"fiscalizacao-aponta-falta-de-medicos-etc-etc-etc-na-saude-publica","status":"publish","type":"post","link":"https:\/\/www.notibras.com\/site\/fiscalizacao-aponta-falta-de-medicos-etc-etc-etc-na-saude-publica\/","title":{"rendered":"Fiscaliza\u00e7\u00e3o aponta falta de m\u00e9dicos etc etc etc na sa\u00fade p\u00fablica"},"content":{"rendered":"<p>A fiscaliza\u00e7\u00e3o promovida pelo Tribunal de Contas do Distrito Federal para verificar a efic\u00e1cia da Pol\u00edtica de Aten\u00e7\u00e3o Prim\u00e1ria \u00e0 Sa\u00fade (APS) no DF revelou que 22 das 33 Regi\u00f5es Administrativas (RAs) possuem quantidade de equipes menor do que o preconizado para a popula\u00e7\u00e3o da regi\u00e3o, o que compromete o atendimento prestado \u00e0 popula\u00e7\u00e3o. Segundo o relat\u00f3rio final da auditoria, em algumas regi\u00f5es administrativas h\u00e1 apenas dois agentes comunit\u00e1rios de sa\u00fade (ACS) para atender at\u00e9 quatro mil pessoas. O documento tamb\u00e9m apontou que o tempo de espera para a realiza\u00e7\u00e3o de exames \u00e9 de aproximadamente quatro meses.<\/p>\n<p>A auditoria constatou que a falta de profissionais de sa\u00fade tem comprometido os servi\u00e7os prestados nas Unidades B\u00e1sicas de Sa\u00fade do DF (UBSs). Em question\u00e1rio aplicado pelo TCDF aos usu\u00e1rios dos servi\u00e7os, 76% dos pacientes adultos relataram encontrar dificuldades para serem atendidos nas UBSs. Na mesma pesquisa, 72% dos pais e respons\u00e1veis relataram que n\u00e3o \u00e9 f\u00e1cil marcar uma consulta de revis\u00e3o para a crian\u00e7a e 93% afirmaram que, quando chegam na unidade, precisam esperar mais de 30 minutos para que a crian\u00e7a seja atendida.<\/p>\n<p>O relat\u00f3rio do TCDF apontou ainda que, al\u00e9m da falta de equipes para atendimento de toda a popula\u00e7\u00e3o, a Secretaria de Estado de Sa\u00fade (SES\/DF) n\u00e3o possui reserva t\u00e9cnica para os profissionais da Aten\u00e7\u00e3o Prim\u00e1ria \u00e0 Sa\u00fade. Portanto, quando falta um servidor, a equipe fica desfalcada. Essa situa\u00e7\u00e3o \u00e9 mais grave nas Unidades B\u00e1sicas de Sa\u00fade que possuem apenas uma equipe (30% das UBSs), contexto em que a falta de um m\u00e9dico ou enfermeiro impossibilita que os pacientes tenham atendimento m\u00e9dico ou de enfermagem na unidade, ainda que com necessidade de pronto atendimento.<\/p>\n<p>Outro dado revelado \u00e9 que aproximadamente 35% da popula\u00e7\u00e3o n\u00e3o possui cadastro pelas equipes de sa\u00fade da fam\u00edlia. Assim, o Distrito Federal se encontra como a quinta pior cobertura do pa\u00eds se comparado \u00e0s outras Unidades da Federa\u00e7\u00e3o.<\/p>\n<p>Segundo a auditoria, em diversos casos, foi verificado que a quantidade de cadastros por equipe superou o limite de 4.000 pessoas previsto na normatiza\u00e7\u00e3o da Aten\u00e7\u00e3o Prim\u00e1ria, fato que impacta significativamente na organiza\u00e7\u00e3o do trabalho dos ACS. De acordo a Portaria SES\/DF 77\/2017, cada equipe de Sa\u00fade da Fam\u00edlia (SF) \u00e9 respons\u00e1vel por um territ\u00f3rio determinado, abrangendo at\u00e9 4.000 pessoas.<\/p>\n<p>J\u00e1 o Minist\u00e9rio da Sa\u00fade recomenda que cada equipe de Sa\u00fade da Fam\u00edlia seja respons\u00e1vel por 2.000 a 3.500 pessoas apenas. &#8220;Merece destaque o fato de as equipes de sa\u00fade da fam\u00edlia no DF serem compostas, em m\u00e9dia, por apenas dois Agentes Comunit\u00e1rios de Sa\u00fade que geralmente, s\u00e3o respons\u00e1veis pelo maior volume de visitas domiciliares&#8221;, destaca o relat\u00f3rio do TCDF.<\/p>\n<p>A fiscaliza\u00e7\u00e3o do Tribunal de Contas do DF tamb\u00e9m apontou que a Regi\u00e3o Leste (Parano\u00e1, Itapo\u00e3, S\u00e3o Sebasti\u00e3o, Jardim Bot\u00e2nico e Jardins Mangueiral) possui a menor oferta de servi\u00e7os:<br \/>\n&#8211; 64% das unidades na Regi\u00e3o Leste n\u00e3o possuem coleta laboratorial;<br \/>\n&#8211; 40% n\u00e3o possuem atendimento odontol\u00f3gico;<br \/>\n&#8211; 44% n\u00e3o possuem sala de vacina\u00e7\u00e3o.<\/p>\n","protected":false},"excerpt":{"rendered":"<p>A fiscaliza\u00e7\u00e3o promovida pelo Tribunal de Contas do Distrito Federal para verificar a efic\u00e1cia da Pol\u00edtica de Aten\u00e7\u00e3o Prim\u00e1ria \u00e0 Sa\u00fade (APS) no DF revelou que 22 das 33 Regi\u00f5es Administrativas (RAs) possuem quantidade de equipes menor do que o preconizado para a popula\u00e7\u00e3o da regi\u00e3o, o que compromete o atendimento prestado \u00e0 popula\u00e7\u00e3o. Segundo [&hellip;]<\/p>\n","protected":false},"author":2,"featured_media":313932,"comment_status":"closed","ping_status":"closed","sticky":false,"template":"","format":"standard","meta":{"_acf_changed":false,"footnotes":""},"categories":[161],"tags":[],"class_list":["post-335151","post","type-post","status-publish","format-standard","has-post-thumbnail","hentry","category-quadradinho-em-foco"],"acf":[],"_links":{"self":[{"href":"https:\/\/www.notibras.com\/site\/wp-json\/wp\/v2\/posts\/335151","targetHints":{"allow":["GET"]}}],"collection":[{"href":"https:\/\/www.notibras.com\/site\/wp-json\/wp\/v2\/posts"}],"about":[{"href":"https:\/\/www.notibras.com\/site\/wp-json\/wp\/v2\/types\/post"}],"author":[{"embeddable":true,"href":"https:\/\/www.notibras.com\/site\/wp-json\/wp\/v2\/users\/2"}],"replies":[{"embeddable":true,"href":"https:\/\/www.notibras.com\/site\/wp-json\/wp\/v2\/comments?post=335151"}],"version-history":[{"count":1,"href":"https:\/\/www.notibras.com\/site\/wp-json\/wp\/v2\/posts\/335151\/revisions"}],"predecessor-version":[{"id":335154,"href":"https:\/\/www.notibras.com\/site\/wp-json\/wp\/v2\/posts\/335151\/revisions\/335154"}],"wp:featuredmedia":[{"embeddable":true,"href":"https:\/\/www.notibras.com\/site\/wp-json\/wp\/v2\/media\/313932"}],"wp:attachment":[{"href":"https:\/\/www.notibras.com\/site\/wp-json\/wp\/v2\/media?parent=335151"}],"wp:term":[{"taxonomy":"category","embeddable":true,"href":"https:\/\/www.notibras.com\/site\/wp-json\/wp\/v2\/categories?post=335151"},{"taxonomy":"post_tag","embeddable":true,"href":"https:\/\/www.notibras.com\/site\/wp-json\/wp\/v2\/tags?post=335151"}],"curies":[{"name":"wp","href":"https:\/\/api.w.org\/{rel}","templated":true}]}}