{"id":335191,"date":"2024-08-24T00:03:55","date_gmt":"2024-08-24T03:03:55","guid":{"rendered":"https:\/\/www.notibras.com\/site\/?p=335191"},"modified":"2024-08-24T10:26:05","modified_gmt":"2024-08-24T13:26:05","slug":"sabado-tem-plantao-para-vacinacao-de-bebes-a-adultos","status":"publish","type":"post","link":"https:\/\/www.notibras.com\/site\/sabado-tem-plantao-para-vacinacao-de-bebes-a-adultos\/","title":{"rendered":"S\u00e1bado tem plant\u00e3o para vacina\u00e7\u00e3o de beb\u00eas a adultos"},"content":{"rendered":"<p>A vacina contra gripe (influenza) estar\u00e1 dispon\u00edvel neste s\u00e1bado (24) para beb\u00eas a partir de seis meses de idade, crian\u00e7as, adolescentes, adultos e idosos. Nos 42 locais de atendimento, tamb\u00e9m haver\u00e1 aplica\u00e7\u00e3o de vacinas contra doen\u00e7as como covid-19, dengue, coqueluche, t\u00e9tano, sarampo e febre amarela, dentre outas. No site da Secretaria de Sa\u00fade do Distrito Federal (SES-DF) est\u00e1 a lista completa com os endere\u00e7os, os hor\u00e1rios e as vacinas dispon\u00edveis em cada local.<\/p>\n<p>Haver\u00e1 vacina\u00e7\u00e3o em Planaltina, Itapo\u00e3, Gama, Riacho Fundo II, Recanto das Emas, Samambaia, Ceil\u00e2ndia, Brazl\u00e2ndia, Sol Nascente, Taguatinga, Vicente Pires, N\u00facleo Bandeirante, Estrutural, Guar\u00e1, Candangol\u00e2ndia, Cruzeiro e Plano Piloto. Neste s\u00e1bado, os hor\u00e1rios de atendimento variam: h\u00e1 unidades b\u00e1sicas de sa\u00fade (UBSs) com atendimento at\u00e9 as 17h enquanto em outras \u00e9 poss\u00edvel se vacinar at\u00e9 as 12h. \u00c9 importante conferir o hor\u00e1rio de sua UBS no link.<\/p>\n<p>Para todos os locais, a orienta\u00e7\u00e3o \u00e9 levar o documento de identidade com o CPF e, se poss\u00edvel, a caderneta de vacina\u00e7\u00e3o. Os profissionais da SES-DF ir\u00e3o analisar o hist\u00f3rico e fazer a atualiza\u00e7\u00e3o dos esquemas vacinais, conforme a faixa et\u00e1ria. Se necess\u00e1rio, mais de uma dose poder\u00e1 ser aplicada na mesma ocasi\u00e3o.<\/p>\n<p>N\u00e3o haver\u00e1 vacina\u00e7\u00e3o no domingo (25). Na segunda (26), mais de cem salas de vacina reabrem para atendimento \u00e0 popula\u00e7\u00e3o.<\/p>\n<p><strong>Vacina\u00e7\u00e3o antirr\u00e1bica<\/strong><br \/>\nTamb\u00e9m haver\u00e1 aplica\u00e7\u00e3o de vacina antirr\u00e1bica para c\u00e3es e gatos no Guar\u00e1, no Recanto das Emas e em Vicente Pires. A lista com os endere\u00e7os e os hor\u00e1rios de atendimento est\u00e1 dispon\u00edvel no site da SES-DF.<\/p>\n<p>&nbsp;<\/p>\n","protected":false},"excerpt":{"rendered":"<p>A vacina contra gripe (influenza) estar\u00e1 dispon\u00edvel neste s\u00e1bado (24) para beb\u00eas a partir de seis meses de idade, crian\u00e7as, adolescentes, adultos e idosos. Nos 42 locais de atendimento, tamb\u00e9m haver\u00e1 aplica\u00e7\u00e3o de vacinas contra doen\u00e7as como covid-19, dengue, coqueluche, t\u00e9tano, sarampo e febre amarela, dentre outas. No site da Secretaria de Sa\u00fade do Distrito [&hellip;]<\/p>\n","protected":false},"author":2,"featured_media":325963,"comment_status":"closed","ping_status":"closed","sticky":false,"template":"","format":"standard","meta":{"_acf_changed":false,"footnotes":""},"categories":[161],"tags":[],"class_list":["post-335191","post","type-post","status-publish","format-standard","has-post-thumbnail","hentry","category-quadradinho-em-foco"],"acf":[],"_links":{"self":[{"href":"https:\/\/www.notibras.com\/site\/wp-json\/wp\/v2\/posts\/335191","targetHints":{"allow":["GET"]}}],"collection":[{"href":"https:\/\/www.notibras.com\/site\/wp-json\/wp\/v2\/posts"}],"about":[{"href":"https:\/\/www.notibras.com\/site\/wp-json\/wp\/v2\/types\/post"}],"author":[{"embeddable":true,"href":"https:\/\/www.notibras.com\/site\/wp-json\/wp\/v2\/users\/2"}],"replies":[{"embeddable":true,"href":"https:\/\/www.notibras.com\/site\/wp-json\/wp\/v2\/comments?post=335191"}],"version-history":[{"count":1,"href":"https:\/\/www.notibras.com\/site\/wp-json\/wp\/v2\/posts\/335191\/revisions"}],"predecessor-version":[{"id":335192,"href":"https:\/\/www.notibras.com\/site\/wp-json\/wp\/v2\/posts\/335191\/revisions\/335192"}],"wp:featuredmedia":[{"embeddable":true,"href":"https:\/\/www.notibras.com\/site\/wp-json\/wp\/v2\/media\/325963"}],"wp:attachment":[{"href":"https:\/\/www.notibras.com\/site\/wp-json\/wp\/v2\/media?parent=335191"}],"wp:term":[{"taxonomy":"category","embeddable":true,"href":"https:\/\/www.notibras.com\/site\/wp-json\/wp\/v2\/categories?post=335191"},{"taxonomy":"post_tag","embeddable":true,"href":"https:\/\/www.notibras.com\/site\/wp-json\/wp\/v2\/tags?post=335191"}],"curies":[{"name":"wp","href":"https:\/\/api.w.org\/{rel}","templated":true}]}}