{"id":335193,"date":"2024-08-24T00:28:32","date_gmt":"2024-08-24T03:28:32","guid":{"rendered":"https:\/\/www.notibras.com\/site\/?p=335193"},"modified":"2024-08-24T10:32:59","modified_gmt":"2024-08-24T13:32:59","slug":"brasilienses-acompanham-evento-que-abre-o-rally-dos-sertoes","status":"publish","type":"post","link":"https:\/\/www.notibras.com\/site\/brasilienses-acompanham-evento-que-abre-o-rally-dos-sertoes\/","title":{"rendered":"Brasilienses acompanham evento que abre o Rally dos Sert\u00f5es"},"content":{"rendered":"<p>O p\u00fablico brasiliense j\u00e1 p\u00f4de sentir um gostinho do que vem por a\u00ed com o Rally dos Sert\u00f5es, evento que conta com patroc\u00ednio do Governo do Distrito Federal (GDF), por meio da Secretaria de Turismo (Setur-DF) e do Banco de Bras\u00edlia (BRB). Na sexta-feira (23), pilotos participaram do Super Prime \u2014 uma pr\u00e9via da prova oficial, que tem largada marcada para este s\u00e1bado (24), tamb\u00e9m na capital federal.<\/p>\n<p>Na sexta, os competidores disputaram um pr\u00f3logo, de 11 km, no Setor Militar Urbano (SMU). Os oito competidores mais r\u00e1pidos de cada modalidade classificaram-se para o Super Prime, uma disputa eliminat\u00f3ria realizada nesta tarde, ao lado da Arena BRB Man\u00e9 Garrincha, que confere aos vencedores a chance de escolher a posi\u00e7\u00e3o em que querem largar na prova oficial \u2014 em rallys, nem sempre largar na frente \u00e9 sin\u00f4nimo de vantagem, j\u00e1 que quem sai depois pode contar com o apoio do trajeto j\u00e1 desenhado por outros competidores.<\/p>\n<p>\u201cBras\u00edlia tem visto o turismo como uma ferramenta de desenvolvimento econ\u00f4mico para a cidade. \u00c9 um evento maravilhoso, que atrai turistas e a entrega \u00e9 maravilhosa para a popula\u00e7\u00e3o aqui do DF\u201d, exaltou o secret\u00e1rio de Turismo do Distrito Federal, Cristiano Ara\u00fajo.<\/p>\n<p>O Super Prime foi aberto ao p\u00fablico. A estrutura do evento contou com arquibancadas para 10 mil pessoas. Os ingressos, concedidos pela Secretaria de Turismo, puderam ser adquiridos mediante doa\u00e7\u00e3o de 2 kg de alimentos, que ser\u00e3o destinados a pessoas em situa\u00e7\u00e3o de vulnerabilidade.<\/p>\n<p>Hoje moradora de Bras\u00edlia, a arquiteta Alice Rodrigues decidiu prestigiar o evento para lembrar a juventude em sua terra natal. \u201cSou cearense, um pouquinho ali perto das ra\u00edzes do Rally, acho que foi por isso que deu mais vontade de vir tamb\u00e9m. Na cidade que eu morava, S\u00e3o Benedito, \u00e0s vezes passava por l\u00e1, ent\u00e3o eu sempre gostei\u201d, afirmou.<\/p>\n<p>O casal Anacleto Rodrigues e Eul\u00e2nia Oliveira aproveitou para levar a sobrinha, Jamilly Pereira, que veio do Piau\u00ed para visitar a capital. \u201cDemos uma volta na Esplanada e, como tinha o evento, eu disse: \u2018Vamos l\u00e1 ver\u2019. Todo mundo aqui gosta de carros\u201d, contou o professor.<\/p>\n<p>J\u00e1 o administrador Ant\u00f4nio Avelino veio \u00e0 capital federal pela primeira vez especialmente para apoiar um amigo, que disputar\u00e1 o rally. \u201cViemos de Macei\u00f3 (AL) rodando de carro, fazendo uma aventura j\u00e1, dois dias de estrada at\u00e9 aqui. A cidade \u00e9 uma maravilha, estamos tendo total apoio, \u00e9 muito bem preparada. Est\u00e1 sendo \u00f3tima a recep\u00e7\u00e3o.\u201d<\/p>\n<p>Estrutura<br \/>\nEsta \u00e9 a 32\u00aa edi\u00e7\u00e3o do Sert\u00f5es BRB. O DF integrou o roteiro do rally em tr\u00eas oportunidades: 1999, 2005 e 2020. Mas ser\u00e1 a primeira vez com largada e chegada na capital federal. \u201cO Sert\u00f5es \u00e9 um evento genuinamente brasileiro, que representa a p\u00e1tria, que tem orgulho de promover o Brasil, ent\u00e3o acho que Bras\u00edlia representa um pouco isso. Bras\u00edlia \u00e9 resultado de um sonho de integra\u00e7\u00e3o nacional e o Rally dos Sert\u00f5es tamb\u00e9m \u00e9\u201d, destacou a CEO da marca, Leonora Guedes.<\/p>\n<p>\u201cBras\u00edlia tem uma estrutura que favorece muito, n\u00e3o s\u00f3 uma localiza\u00e7\u00e3o geogr\u00e1fica excelente, no meio do Brasil, mas um aeroporto com voos diretos para todas as capitais, tamb\u00e9m com voos diretos para o exterior, uma excelente infraestrutura hoteleira\u2026 Ent\u00e3o, s\u00f3 tem pontos positivos\u201d, acrescentou.<\/p>\n<p>Os elogios \u00e0 cidade tamb\u00e9m v\u00eam de um grande conhecedor do Sert\u00f5es BRB. Maior campe\u00e3o da hist\u00f3ria, com sete t\u00edtulos na categoria moto, o paulista Jean Azevedo vai disputar a edi\u00e7\u00e3o de 2024 na categoria UTV e esteve presente no Super Prime. \u201cJ\u00e1 dormi aqui em edi\u00e7\u00f5es que sa\u00edram de Goi\u00e2nia, mas \u00e9 a primeira vez que a gente sai daqui realmente. A estrutura \u00e9 muito boa, est\u00e1 sendo uma experi\u00eancia bem legal\u201d, apontou. \u201cBras\u00edlia est\u00e1 de parab\u00e9ns pela estrutura que nos proporcionou, um lugar muito bacana, bonito, com uma estrutura muito boa, ent\u00e3o isso j\u00e1 facilita pra gente e agora vamos come\u00e7ar o rally mesmo\u201d, emendou o navegador da equipe de Jean, Idali Bosse.<\/p>\n<p>A largada oficial ser\u00e1 neste s\u00e1bado (24), quando os pilotos seguir\u00e3o em dire\u00e7\u00e3o a Formosa (GO). At\u00e9 o dia 31, os competidores v\u00e3o passar por tr\u00eas estados \u2014 Goi\u00e1s, Bahia e Minas Gerais \u2014 e retornar\u00e3o ao DF, percorrendo, ao todo, 3.504 km. Entre os pontos que servir\u00e3o de cen\u00e1rio para a prova, est\u00e3o o Parque Nacional Grande Sert\u00e3o Veredas, em Minas Gerais, e o Parque Estadual Terra Ronca, em Goi\u00e1s.<\/p>\n<p>O p\u00fablico brasiliense poder\u00e1 acompanhar a chegada promocional, tamb\u00e9m ao lado da Arena BRB Man\u00e9 Garrincha, a partir das 8h do dia 31.<\/p>\n","protected":false},"excerpt":{"rendered":"<p>O p\u00fablico brasiliense j\u00e1 p\u00f4de sentir um gostinho do que vem por a\u00ed com o Rally dos Sert\u00f5es, evento que conta com patroc\u00ednio do Governo do Distrito Federal (GDF), por meio da Secretaria de Turismo (Setur-DF) e do Banco de Bras\u00edlia (BRB). Na sexta-feira (23), pilotos participaram do Super Prime \u2014 uma pr\u00e9via da prova [&hellip;]<\/p>\n","protected":false},"author":2,"featured_media":335194,"comment_status":"closed","ping_status":"closed","sticky":false,"template":"","format":"standard","meta":{"_acf_changed":false,"footnotes":""},"categories":[161],"tags":[],"class_list":["post-335193","post","type-post","status-publish","format-standard","has-post-thumbnail","hentry","category-quadradinho-em-foco"],"acf":[],"_links":{"self":[{"href":"https:\/\/www.notibras.com\/site\/wp-json\/wp\/v2\/posts\/335193","targetHints":{"allow":["GET"]}}],"collection":[{"href":"https:\/\/www.notibras.com\/site\/wp-json\/wp\/v2\/posts"}],"about":[{"href":"https:\/\/www.notibras.com\/site\/wp-json\/wp\/v2\/types\/post"}],"author":[{"embeddable":true,"href":"https:\/\/www.notibras.com\/site\/wp-json\/wp\/v2\/users\/2"}],"replies":[{"embeddable":true,"href":"https:\/\/www.notibras.com\/site\/wp-json\/wp\/v2\/comments?post=335193"}],"version-history":[{"count":1,"href":"https:\/\/www.notibras.com\/site\/wp-json\/wp\/v2\/posts\/335193\/revisions"}],"predecessor-version":[{"id":335195,"href":"https:\/\/www.notibras.com\/site\/wp-json\/wp\/v2\/posts\/335193\/revisions\/335195"}],"wp:featuredmedia":[{"embeddable":true,"href":"https:\/\/www.notibras.com\/site\/wp-json\/wp\/v2\/media\/335194"}],"wp:attachment":[{"href":"https:\/\/www.notibras.com\/site\/wp-json\/wp\/v2\/media?parent=335193"}],"wp:term":[{"taxonomy":"category","embeddable":true,"href":"https:\/\/www.notibras.com\/site\/wp-json\/wp\/v2\/categories?post=335193"},{"taxonomy":"post_tag","embeddable":true,"href":"https:\/\/www.notibras.com\/site\/wp-json\/wp\/v2\/tags?post=335193"}],"curies":[{"name":"wp","href":"https:\/\/api.w.org\/{rel}","templated":true}]}}