{"id":335228,"date":"2024-08-25T09:25:04","date_gmt":"2024-08-25T12:25:04","guid":{"rendered":"https:\/\/www.notibras.com\/site\/?p=335228"},"modified":"2024-08-25T09:25:04","modified_gmt":"2024-08-25T12:25:04","slug":"fim-de-agosto-sem-chuva-abre-temporada-de-turismo","status":"publish","type":"post","link":"https:\/\/www.notibras.com\/site\/fim-de-agosto-sem-chuva-abre-temporada-de-turismo\/","title":{"rendered":"Fim de agosto sem chuva abre temporada de turismo"},"content":{"rendered":"<p>O fim de agosto chega e, com ele, a expectativa de mais uma temporada tur\u00edstica no Nordeste. As chuvas que marcaram o in\u00edcio de junho e julho come\u00e7am a dar lugar a um c\u00e9u l\u00edmpido, azul, com aquele sol que parece ser feito sob medida para as paisagens de coqueirais e praias de areia branca.<\/p>\n<p>Os ventos mornos que v\u00eam do mar trazem consigo o aroma de f\u00e9rias, de liberdade, de aventuras a serem vividas. Para os moradores da regi\u00e3o, esse per\u00edodo \u00e9 quase um ritual: arrumar a casa para receber os visitantes, renovar as receitas tradicionais que encantam os turistas e preparar os sorrisos que ir\u00e3o acompanhar cada prato servido, cada dica de passeio oferecida.<\/p>\n<p>O clima \u00e9 prop\u00edcio. Com o fim das chuvas, o sol brilha com mais intensidade, e o mar assume uma cor turquesa hipnotizante, um convite irresist\u00edvel para quem busca relaxamento e lazer. Cidades como Fortaleza, Natal, Recife, Macei\u00f3, Jo\u00e3o Pessoa e Salvador tornam-se ainda mais vibrantes. A vida noturna ferve, com forr\u00f3s, shows de ax\u00e9, festas de rua e eventos culturais que celebram a rica diversidade nordestina.<\/p>\n<p>Nas pequenas vilas de pescadores, o ritmo \u00e9 outro. A simplicidade \u00e9 a mesma, mas o movimento aumenta. As jangadas, que durante o ano carregaram frutos do mar para o sustento das fam\u00edlias locais, agora se enfeitam para passeios com turistas. O p\u00f4r do sol, sempre um espet\u00e1culo, ganha ainda mais aplausos. \u00c9 como se a natureza, sabendo do olhar atento dos visitantes, caprichasse ainda mais em seus detalhes.<\/p>\n<p>Para os que v\u00eam de fora, o Nordeste \u00e9 sin\u00f4nimo de calor humano, de uma hospitalidade \u00fanica que faz com que todos se sintam em casa, mesmo estando a milhares de quil\u00f4metros de suas verdadeiras resid\u00eancias. Os nordestinos, por sua vez, sabem da import\u00e2ncia do turismo. Ele movimenta a economia, gera empregos e proporciona oportunidades que muitas vezes s\u00e3o raras em outras \u00e9pocas do ano.<\/p>\n<p>Este ano, em especial, h\u00e1 um otimismo no ar. Ap\u00f3s per\u00edodos de incertezas, a alta temporada promete ser uma das mais movimentadas dos \u00faltimos tempos. Hot\u00e9is se preparam para uma ocupa\u00e7\u00e3o m\u00e1xima, restaurantes ampliam seus card\u00e1pios, ag\u00eancias de turismo oferecem novos roteiros e experi\u00eancias. \u00c9 a regi\u00e3o se reinventando, se redescobrindo, pronta para mostrar ao Brasil e ao mundo o que tem de melhor.<\/p>\n<p>Agora o Nordeste abre as portas novamente para receber quem busca n\u00e3o apenas um destino de f\u00e9rias, mas uma experi\u00eancia \u00fanica. O sol, o mar, a cultura e, principalmente, o povo s\u00e3o os anfitri\u00f5es perfeitos para essa temporada que se anuncia. Que venham os turistas, que venham as hist\u00f3rias, que venham os dias de sol e alegria que s\u00f3 o Nordeste sabe proporcionar.<\/p>\n","protected":false},"excerpt":{"rendered":"<p>O fim de agosto chega e, com ele, a expectativa de mais uma temporada tur\u00edstica no Nordeste. As chuvas que marcaram o in\u00edcio de junho e julho come\u00e7am a dar lugar a um c\u00e9u l\u00edmpido, azul, com aquele sol que parece ser feito sob medida para as paisagens de coqueirais e praias de areia branca. [&hellip;]<\/p>\n","protected":false},"author":2,"featured_media":322501,"comment_status":"closed","ping_status":"closed","sticky":false,"template":"","format":"standard","meta":{"_acf_changed":false,"footnotes":""},"categories":[165],"tags":[],"class_list":["post-335228","post","type-post","status-publish","format-standard","has-post-thumbnail","hentry","category-nordeste"],"acf":[],"_links":{"self":[{"href":"https:\/\/www.notibras.com\/site\/wp-json\/wp\/v2\/posts\/335228","targetHints":{"allow":["GET"]}}],"collection":[{"href":"https:\/\/www.notibras.com\/site\/wp-json\/wp\/v2\/posts"}],"about":[{"href":"https:\/\/www.notibras.com\/site\/wp-json\/wp\/v2\/types\/post"}],"author":[{"embeddable":true,"href":"https:\/\/www.notibras.com\/site\/wp-json\/wp\/v2\/users\/2"}],"replies":[{"embeddable":true,"href":"https:\/\/www.notibras.com\/site\/wp-json\/wp\/v2\/comments?post=335228"}],"version-history":[{"count":1,"href":"https:\/\/www.notibras.com\/site\/wp-json\/wp\/v2\/posts\/335228\/revisions"}],"predecessor-version":[{"id":335229,"href":"https:\/\/www.notibras.com\/site\/wp-json\/wp\/v2\/posts\/335228\/revisions\/335229"}],"wp:featuredmedia":[{"embeddable":true,"href":"https:\/\/www.notibras.com\/site\/wp-json\/wp\/v2\/media\/322501"}],"wp:attachment":[{"href":"https:\/\/www.notibras.com\/site\/wp-json\/wp\/v2\/media?parent=335228"}],"wp:term":[{"taxonomy":"category","embeddable":true,"href":"https:\/\/www.notibras.com\/site\/wp-json\/wp\/v2\/categories?post=335228"},{"taxonomy":"post_tag","embeddable":true,"href":"https:\/\/www.notibras.com\/site\/wp-json\/wp\/v2\/tags?post=335228"}],"curies":[{"name":"wp","href":"https:\/\/api.w.org\/{rel}","templated":true}]}}