{"id":335230,"date":"2024-08-25T09:35:28","date_gmt":"2024-08-25T12:35:28","guid":{"rendered":"https:\/\/www.notibras.com\/site\/?p=335230"},"modified":"2024-08-25T09:35:28","modified_gmt":"2024-08-25T12:35:28","slug":"bate-papo-de-jovens-antecipa-hipocrisia-adulta","status":"publish","type":"post","link":"https:\/\/www.notibras.com\/site\/bate-papo-de-jovens-antecipa-hipocrisia-adulta\/","title":{"rendered":"Bate-papo de jovens antecipa hipocrisia adulta"},"content":{"rendered":"<p>Uma mo\u00e7a e um rapaz conversavam na fila de um banco, na Asa Norte. Conhecidos h\u00e1 pouco, ainda estavam na fase do quase nada sei sobre voc\u00ea. No entanto, jovens que eram, ainda n\u00e3o haviam sido atingidos pela hipocrisia caracter\u00edstica dos mais velhos.<\/p>\n<p>\u2014 Joana, t\u00e1 sabendo da festa que vai rolar no apartamento do Ricardo?<\/p>\n<p>\u2014 Sim.<\/p>\n<p>\u2014 E voc\u00ea vai?<\/p>\n<p>\u2014 N\u00e3o.<\/p>\n<p>\u2014 U\u00e9, por qu\u00ea?<\/p>\n<p>\u2014 Nem conhe\u00e7o o Ricardo direito.<\/p>\n<p>\u2014 E da\u00ed?<\/p>\n<p>\u2014 E da\u00ed que preciso que algu\u00e9m me convide.<\/p>\n<p>\u2014 Quer ir comigo?<\/p>\n<p>\u2014 N\u00e3o consigo.<\/p>\n<p>\u2014 Por qu\u00ea?<\/p>\n<p>\u2014 Carlos, voc\u00ea me parece ser um cara decente.<\/p>\n<p>\u2014 Ent\u00e3o, vamos juntos?<\/p>\n<p>\u2014 N\u00e3o d\u00e1.<\/p>\n<p>\u2014 U\u00e9, voc\u00ea acabou de dizer que sou um cara decente.<\/p>\n<p>\u2014 Esse \u00e9 o problema. Voc\u00ea tem cora\u00e7\u00e3o.<\/p>\n<p>\u2014 Como assim?<\/p>\n<p>\u2014 \u00c9 que eu n\u00e3o presto.<\/p>\n<p><strong>*Eduardo Mart\u00ednez \u00e9 autor do livro \u201c57 Contos e Cr\u00f4nicas por um Autor muito Velho\u201d.<\/strong><\/p>\n<p>Compre aqui\u00a0<span class=\"x19la9d6 x1fc57z9 x6ikm8r x10wlt62 x19co3pv x1g5zs5t xfibh0p xiy17q3 x1xsqp64 x1lkfr7t xexx8yu x4uap5 x18d9i69 xkhd6sd\"><span class=\"xrtxmta x1bhl96m\"><img decoding=\"async\" class=\"emoji\" role=\"img\" draggable=\"false\" src=\"https:\/\/s.w.org\/images\/core\/emoji\/14.0.0\/svg\/1f447-1f3ff.svg\" alt=\"&#x1f447;&#x1f3ff;\" \/><\/span><\/span><span class=\"x19la9d6 x1fc57z9 x6ikm8r x10wlt62 x19co3pv x1g5zs5t xfibh0p xiy17q3 x1xsqp64 x1lkfr7t xexx8yu x4uap5 x18d9i69 xkhd6sd\"><span class=\"xrtxmta x1bhl96m\"><img decoding=\"async\" class=\"emoji\" role=\"img\" draggable=\"false\" src=\"https:\/\/s.w.org\/images\/core\/emoji\/14.0.0\/svg\/1f447-1f3ff.svg\" alt=\"&#x1f447;&#x1f3ff;\" \/><\/span><\/span><span class=\"x19la9d6 x1fc57z9 x6ikm8r x10wlt62 x19co3pv x1g5zs5t xfibh0p xiy17q3 x1xsqp64 x1lkfr7t xexx8yu x4uap5 x18d9i69 xkhd6sd\"><span class=\"xrtxmta x1bhl96m\"><img decoding=\"async\" class=\"emoji\" role=\"img\" draggable=\"false\" src=\"https:\/\/s.w.org\/images\/core\/emoji\/14.0.0\/svg\/1f447-1f3ff.svg\" alt=\"&#x1f447;&#x1f3ff;\" \/><\/span><\/span><\/p>\n<p><a href=\"http:\/\/www.joanineditora.com.br\/57-contos-e-cronicas-por-um-autor-muito-velho\">http:\/\/www.joanineditora.com.br\/57-contos-e-cronicas-por-um-autor-muito-velho<\/a><\/p>\n","protected":false},"excerpt":{"rendered":"<p>Uma mo\u00e7a e um rapaz conversavam na fila de um banco, na Asa Norte. Conhecidos h\u00e1 pouco, ainda estavam na fase do quase nada sei sobre voc\u00ea. No entanto, jovens que eram, ainda n\u00e3o haviam sido atingidos pela hipocrisia caracter\u00edstica dos mais velhos. \u2014 Joana, t\u00e1 sabendo da festa que vai rolar no apartamento do [&hellip;]<\/p>\n","protected":false},"author":2,"featured_media":335231,"comment_status":"closed","ping_status":"closed","sticky":false,"template":"","format":"standard","meta":{"_acf_changed":false,"footnotes":""},"categories":[161],"tags":[],"class_list":["post-335230","post","type-post","status-publish","format-standard","has-post-thumbnail","hentry","category-quadradinho-em-foco"],"acf":[],"_links":{"self":[{"href":"https:\/\/www.notibras.com\/site\/wp-json\/wp\/v2\/posts\/335230","targetHints":{"allow":["GET"]}}],"collection":[{"href":"https:\/\/www.notibras.com\/site\/wp-json\/wp\/v2\/posts"}],"about":[{"href":"https:\/\/www.notibras.com\/site\/wp-json\/wp\/v2\/types\/post"}],"author":[{"embeddable":true,"href":"https:\/\/www.notibras.com\/site\/wp-json\/wp\/v2\/users\/2"}],"replies":[{"embeddable":true,"href":"https:\/\/www.notibras.com\/site\/wp-json\/wp\/v2\/comments?post=335230"}],"version-history":[{"count":1,"href":"https:\/\/www.notibras.com\/site\/wp-json\/wp\/v2\/posts\/335230\/revisions"}],"predecessor-version":[{"id":335232,"href":"https:\/\/www.notibras.com\/site\/wp-json\/wp\/v2\/posts\/335230\/revisions\/335232"}],"wp:featuredmedia":[{"embeddable":true,"href":"https:\/\/www.notibras.com\/site\/wp-json\/wp\/v2\/media\/335231"}],"wp:attachment":[{"href":"https:\/\/www.notibras.com\/site\/wp-json\/wp\/v2\/media?parent=335230"}],"wp:term":[{"taxonomy":"category","embeddable":true,"href":"https:\/\/www.notibras.com\/site\/wp-json\/wp\/v2\/categories?post=335230"},{"taxonomy":"post_tag","embeddable":true,"href":"https:\/\/www.notibras.com\/site\/wp-json\/wp\/v2\/tags?post=335230"}],"curies":[{"name":"wp","href":"https:\/\/api.w.org\/{rel}","templated":true}]}}