{"id":335233,"date":"2024-08-25T00:00:04","date_gmt":"2024-08-25T03:00:04","guid":{"rendered":"https:\/\/www.notibras.com\/site\/?p=335233"},"modified":"2024-08-25T09:41:55","modified_gmt":"2024-08-25T12:41:55","slug":"bombeiros-apagam-incendio-em-area-de-nascente-do-paranoa","status":"publish","type":"post","link":"https:\/\/www.notibras.com\/site\/bombeiros-apagam-incendio-em-area-de-nascente-do-paranoa\/","title":{"rendered":"Bombeiros apagam inc\u00eandio em \u00e1rea de nascente do Parano\u00e1"},"content":{"rendered":"<p>O Corpo de Bombeiros Militar p\u00f4s fim ao inc\u00eandio ocorrido na \u00c1rea de Relevante Interesse Ecol\u00f3gico (Arie) Santu\u00e1rio de Vida Silvestre do Riacho Fundo, localizada entre o Aeroporto Internacional Juscelino Kubistchek e o Jardim Zool\u00f3gico de Bras\u00edlia. No local, fica a nascente do Lago Parano\u00e1. Nenhuma pessoa se feriu no epis\u00f3dio.<\/p>\n<p>O inc\u00eandio teve in\u00edcio entre as quadras 14 e 15 do Setor de Mans\u00f5es Park Way \u00e0s margens da Estrada Parque Dom Bosco (DF-25). Por causa da proximidade com a rodovia, o CBMDF tem como hip\u00f3tese que o fogo tenha sido provocado por a\u00e7\u00e3o humana.<\/p>\n<p>Est\u00e1 sem chover h\u00e1 mais de 120 dias no Distrito Federal, o per\u00edodo \u00e9 de seca como em outras partes do Brasil. O inc\u00eandio ocorreu no hor\u00e1rio de temperatura mais alta no DF \u2013 iniciou-se pouco antes do meio-dia (11h48) e foi at\u00e9 as 16h. Dentro do hor\u00e1rio, a temperatura atingiu 31\u00b0 Celsius e a umidade do ar foi de 24%.<\/p>\n<p>O tamanho da \u00e1rea afetada ser\u00e1 conhecido na segunda-feira (26) ap\u00f3s medi\u00e7\u00e3o de imagem de sat\u00e9lite. Trinta e cinco soldados combateram o fogo com uso de carros de \u00e1gua, bombas de \u00e1gua individuais, abafadores e sopradores mec\u00e2nicos.<\/p>\n<p>A Arie do Riacho Fundo, de 478 hectares, \u00e9 considerada pelo Instituto Bras\u00edlia Ambiental (Ibram) como local de ref\u00fagio de p\u00e1ssaros migrantes que atravessam corredor ecol\u00f3gico de unidades de conserva\u00e7\u00e3o do DF.<\/p>\n<p>No local, tamb\u00e9m h\u00e1 esp\u00e9cies end\u00eamicas amea\u00e7adas de extin\u00e7\u00e3o como o peixe pir\u00e1-bras\u00edlia (Simpsonichthys boitonei), o rato-candango (Juscelinomys candango), al\u00e9m de orqu\u00eddeas selvagens. O CBMDF identificou cobras-cip\u00f3s (serpentes Chironius) carbonizadas pelo fogo.<\/p>\n<p>Segundo o CBMDF, somente hoje mais de uma dezena de inc\u00eandios foram combatidos no Distrito Federal. A possibilidade de chuva em Bras\u00edlia nos pr\u00f3ximos 15 dias \u00e9 de 5%, conforme Centro de Previs\u00e3o de Tempo e Estudos Clim\u00e1ticos, ligado ao Instituto Nacional de Pesquisas Espaciais (Inpe).<\/p>\n","protected":false},"excerpt":{"rendered":"<p>O Corpo de Bombeiros Militar p\u00f4s fim ao inc\u00eandio ocorrido na \u00c1rea de Relevante Interesse Ecol\u00f3gico (Arie) Santu\u00e1rio de Vida Silvestre do Riacho Fundo, localizada entre o Aeroporto Internacional Juscelino Kubistchek e o Jardim Zool\u00f3gico de Bras\u00edlia. No local, fica a nascente do Lago Parano\u00e1. Nenhuma pessoa se feriu no epis\u00f3dio. O inc\u00eandio teve in\u00edcio [&hellip;]<\/p>\n","protected":false},"author":2,"featured_media":335234,"comment_status":"closed","ping_status":"closed","sticky":false,"template":"","format":"standard","meta":{"_acf_changed":false,"footnotes":""},"categories":[161],"tags":[],"class_list":["post-335233","post","type-post","status-publish","format-standard","has-post-thumbnail","hentry","category-quadradinho-em-foco"],"acf":[],"_links":{"self":[{"href":"https:\/\/www.notibras.com\/site\/wp-json\/wp\/v2\/posts\/335233","targetHints":{"allow":["GET"]}}],"collection":[{"href":"https:\/\/www.notibras.com\/site\/wp-json\/wp\/v2\/posts"}],"about":[{"href":"https:\/\/www.notibras.com\/site\/wp-json\/wp\/v2\/types\/post"}],"author":[{"embeddable":true,"href":"https:\/\/www.notibras.com\/site\/wp-json\/wp\/v2\/users\/2"}],"replies":[{"embeddable":true,"href":"https:\/\/www.notibras.com\/site\/wp-json\/wp\/v2\/comments?post=335233"}],"version-history":[{"count":1,"href":"https:\/\/www.notibras.com\/site\/wp-json\/wp\/v2\/posts\/335233\/revisions"}],"predecessor-version":[{"id":335235,"href":"https:\/\/www.notibras.com\/site\/wp-json\/wp\/v2\/posts\/335233\/revisions\/335235"}],"wp:featuredmedia":[{"embeddable":true,"href":"https:\/\/www.notibras.com\/site\/wp-json\/wp\/v2\/media\/335234"}],"wp:attachment":[{"href":"https:\/\/www.notibras.com\/site\/wp-json\/wp\/v2\/media?parent=335233"}],"wp:term":[{"taxonomy":"category","embeddable":true,"href":"https:\/\/www.notibras.com\/site\/wp-json\/wp\/v2\/categories?post=335233"},{"taxonomy":"post_tag","embeddable":true,"href":"https:\/\/www.notibras.com\/site\/wp-json\/wp\/v2\/tags?post=335233"}],"curies":[{"name":"wp","href":"https:\/\/api.w.org\/{rel}","templated":true}]}}